{"id":72057,"date":"2012-01-05T22:55:36","date_gmt":"2012-01-05T21:55:36","guid":{"rendered":"http:\/\/www.pcnen.com\/portal\/?p=72057"},"modified":"2012-01-05T22:55:36","modified_gmt":"2012-01-05T21:55:36","slug":"blic-crnogorska-policija-registrovala-auto-ukradeno-u-beogradu","status":"publish","type":"post","link":"https:\/\/www.pcnen.com\/portal\/2012\/01\/05\/blic-crnogorska-policija-registrovala-auto-ukradeno-u-beogradu\/","title":{"rendered":"Blic: Crnogorska policija registrovala auto ukradeno u Beogradu"},"content":{"rendered":"<p>Budimir Martinovi\u0107 ni poslije deset godina ne mo\u017ee da do\u0111e do svog automobila koji mu je ukraden u Gandijevoj ulici u Novom Beogradu, iako ga je prije godinu dana prona\u0161ao u Crnoj Gori. Jo\u0161 ve\u0107i paradoks je to \u0161to je Martinovi\u0107ev \u201cfolksvagen pasat TDI\u201d registrovan dva dana nakon kra\u0111e kao slu\u017ebeno vozilo u podgori\u010dkoj policiji, pa su ga proteklih godina vozili policijski inspektori, a onda i dr\u017eavni tu\u017eilac Crne Gore koji ga je dobio na kori\u0161\u0107enje, pi\u0161e beogradski <a href=\"http:\/\/www.blic.rs\/Vesti\/Hronika\/299827\/Crnogorski-tuzioci-vozili-pasat-ukraden-sa-beogradskih-ulica\"><em>Blic<\/em>.<\/a><\/p>\n<p>Automobil je prona\u0111en tek kada ga je od Vrhovnog suda kupio Ulcinjanin Milorad \u0110uri\u0161i\u0107, kome je vozilo policija oduzela prvom rutinskom kontrolom zbog Interpolove potjernice iz Beograda.<\/p>\n<p>Prema pisanju Blica, automobil je samo dva dana poslije kra\u0111e registrovan u podgori\u010dkoj policiji i inspektori MUP-a su ga vozili punih \u0161est godina.<\/p>\n<p>U Upravi crnogorske policije nisu \u017eeleli da komentari\u0161u kako se \u201cpasat\u201d Budimira Martinovi\u0107a sa brojem \u0161asije WVWZZZ3BZWP263764 i brojem motora AHU19230527 na\u0161ao u voznom parku MUP-a, ko ga je i na osnovu \u010dega vozio \u0161est godina, kako je predat Vrhovnom sudu i registrovan, iako je bio na Interpolovoj listi ukradenih vozila.<\/p>\n","protected":false},"excerpt":{"rendered":"<p>Budimir Martinovi\u0107 ni poslije deset godina ne mo\u017ee da do\u0111e do svog automobila koji mu je ukraden u Gandijevoj ulici u Novom Beogradu, iako ga je prije godinu dana prona\u0161ao u Crnoj Gori. Jo\u0161 ve\u0107i paradoks je to \u0161to je Martinovi\u0107ev \u201cfolksvagen pasat TDI\u201d registrovan dva dana nakon kra\u0111e kao slu\u017ebeno vozilo u podgori\u010dkoj policiji, [&hellip;]<\/p>\n","protected":false},"author":1,"featured_media":0,"comment_status":"open","ping_status":"closed","sticky":false,"template":"","format":"standard","meta":{"_seopress_robots_primary_cat":"","_seopress_titles_title":"","_seopress_titles_desc":"","_seopress_robots_index":"","_et_pb_use_builder":"","_et_pb_old_content":"","_et_gb_content_width":"","inline_featured_image":false,"footnotes":""},"categories":[14],"tags":[],"class_list":["post-72057","post","type-post","status-publish","format-standard","hentry","category-vijesti"],"_links":{"self":[{"href":"https:\/\/www.pcnen.com\/portal\/wp-json\/wp\/v2\/posts\/72057","targetHints":{"allow":["GET"]}}],"collection":[{"href":"https:\/\/www.pcnen.com\/portal\/wp-json\/wp\/v2\/posts"}],"about":[{"href":"https:\/\/www.pcnen.com\/portal\/wp-json\/wp\/v2\/types\/post"}],"author":[{"embeddable":true,"href":"https:\/\/www.pcnen.com\/portal\/wp-json\/wp\/v2\/users\/1"}],"replies":[{"embeddable":true,"href":"https:\/\/www.pcnen.com\/portal\/wp-json\/wp\/v2\/comments?post=72057"}],"version-history":[{"count":0,"href":"https:\/\/www.pcnen.com\/portal\/wp-json\/wp\/v2\/posts\/72057\/revisions"}],"wp:attachment":[{"href":"https:\/\/www.pcnen.com\/portal\/wp-json\/wp\/v2\/media?parent=72057"}],"wp:term":[{"taxonomy":"category","embeddable":true,"href":"https:\/\/www.pcnen.com\/portal\/wp-json\/wp\/v2\/categories?post=72057"},{"taxonomy":"post_tag","embeddable":true,"href":"https:\/\/www.pcnen.com\/portal\/wp-json\/wp\/v2\/tags?post=72057"}],"curies":[{"name":"wp","href":"https:\/\/api.w.org\/{rel}","templated":true}]}}