{"id":71002,"date":"2011-12-23T11:05:21","date_gmt":"2011-12-23T10:05:21","guid":{"rendered":"http:\/\/www.pcnen.com\/portal\/?p=71002"},"modified":"2011-12-23T11:05:21","modified_gmt":"2011-12-23T10:05:21","slug":"zemljotes-kod-ulcinja","status":"publish","type":"post","link":"https:\/\/www.pcnen.com\/portal\/2011\/12\/23\/zemljotes-kod-ulcinja\/","title":{"rendered":"Zemljotes kod Ulcinja"},"content":{"rendered":"<p>Zemljotres srednje ja\u010dine pogodio je jutros u 00:26 podru\u010dje 13 kilometara jugoisto\u010dno od Ulcinja, a njegova ja\u010dina iznosila je 3,8 jedinice Rihterove skale, \u0161to odgovara epicentralnom intenzitetu od pet stepeni Merkalijeve skale.<\/p>\n<p>\u017dari\u0161te zemljotresa locirano je na dubini od 15 kilometara, <a href=\"http:\/\/www.seismo.co.me\/web\/Posljednji%20zemljotres_CG.htm\">saop\u0161tio je Seizmolp\u0161ki zavod Crne Gore. <\/a><\/p>\n<p>Iz Seizmolo\u0161kog zavoda su naveli da, na osnovu numeri\u010dkog modela promjene intenziteta sa rastojanjem u ovom regionu, magnitude zemljotresa i dubine hipocentra, zemljotres nije mogao izazvati materijalne \u0161tete u epicentralnom podru\u010dju.<\/p>\n","protected":false},"excerpt":{"rendered":"<p>Zemljotres srednje ja\u010dine pogodio je jutros u 00:26 podru\u010dje 13 kilometara jugoisto\u010dno od Ulcinja, a njegova ja\u010dina iznosila je 3,8 jedinice Rihterove skale, \u0161to odgovara epicentralnom intenzitetu od pet stepeni Merkalijeve skale. \u017dari\u0161te zemljotresa locirano je na dubini od 15 kilometara, saop\u0161tio je Seizmolp\u0161ki zavod Crne Gore. Iz Seizmolo\u0161kog zavoda su naveli da, na osnovu [&hellip;]<\/p>\n","protected":false},"author":1,"featured_media":0,"comment_status":"open","ping_status":"closed","sticky":false,"template":"","format":"standard","meta":{"_seopress_robots_primary_cat":"","_seopress_titles_title":"","_seopress_titles_desc":"","_seopress_robots_index":"","_et_pb_use_builder":"","_et_pb_old_content":"","_et_gb_content_width":"","inline_featured_image":false,"footnotes":""},"categories":[14],"tags":[],"class_list":["post-71002","post","type-post","status-publish","format-standard","hentry","category-vijesti"],"_links":{"self":[{"href":"https:\/\/www.pcnen.com\/portal\/wp-json\/wp\/v2\/posts\/71002","targetHints":{"allow":["GET"]}}],"collection":[{"href":"https:\/\/www.pcnen.com\/portal\/wp-json\/wp\/v2\/posts"}],"about":[{"href":"https:\/\/www.pcnen.com\/portal\/wp-json\/wp\/v2\/types\/post"}],"author":[{"embeddable":true,"href":"https:\/\/www.pcnen.com\/portal\/wp-json\/wp\/v2\/users\/1"}],"replies":[{"embeddable":true,"href":"https:\/\/www.pcnen.com\/portal\/wp-json\/wp\/v2\/comments?post=71002"}],"version-history":[{"count":0,"href":"https:\/\/www.pcnen.com\/portal\/wp-json\/wp\/v2\/posts\/71002\/revisions"}],"wp:attachment":[{"href":"https:\/\/www.pcnen.com\/portal\/wp-json\/wp\/v2\/media?parent=71002"}],"wp:term":[{"taxonomy":"category","embeddable":true,"href":"https:\/\/www.pcnen.com\/portal\/wp-json\/wp\/v2\/categories?post=71002"},{"taxonomy":"post_tag","embeddable":true,"href":"https:\/\/www.pcnen.com\/portal\/wp-json\/wp\/v2\/tags?post=71002"}],"curies":[{"name":"wp","href":"https:\/\/api.w.org\/{rel}","templated":true}]}}