{"id":70953,"date":"2011-12-22T19:26:38","date_gmt":"2011-12-22T18:26:38","guid":{"rendered":"http:\/\/www.pcnen.com\/portal\/?p=70953"},"modified":"2011-12-22T19:29:04","modified_gmt":"2011-12-22T18:29:04","slug":"vratila-se-kuci-djevojcica-koju-je-oteo-cunami","status":"publish","type":"post","link":"https:\/\/www.pcnen.com\/portal\/2011\/12\/22\/vratila-se-kuci-djevojcica-koju-je-oteo-cunami\/","title":{"rendered":"Vratila se ku\u0107i djevoj\u010dica koju je oteo cunami"},"content":{"rendered":"<p><a href=\"http:\/\/www.pcnen.com\/portal\/wp-content\/uploads\/2011\/12\/cunami-ilustracija.jpg\"><img loading=\"lazy\" decoding=\"async\" class=\"alignleft size-full wp-image-70957\" title=\"cunami, ilustracija\" src=\"http:\/\/www.pcnen.com\/portal\/wp-content\/uploads\/2011\/12\/cunami-ilustracija.jpg\" alt=\"\" width=\"284\" height=\"177\" \/><\/a>Djevoj\u010dica po imenu Vati, za koju se vjerovalo da je stradala u razaraju\u0107em cunamiju koji je 2004. godine pogodio Indoneziju, na\u0111ena je \u017eiva i ponovo je sa svojom porodicom. Djevoj\u010dica sada ima 15 godina.<\/p>\n<p>Vatina majka Jusniar je poku\u0161ala tada da spase svoja tri djeteta, ali je cunami istrgnuo djevoj\u010dicu iz maj\u010dinog naru\u010dja i odnio je.<\/p>\n<p>Vati je pre\u017eivela i godinama lutala u potrazi za svojim domom. U srijedu je do\u0161la u jedan kafi\u0107, koji se nalazi blizu njenog sela i rekla da tra\u017ei svoju porodicu. Pomislili su da je prosjakinja, ali su je, ipak, saslu\u0161ali i saznali da se ona ne sje\u0107a imena \u010dlanova svoje porodice, osim svog djeda Ibrahima.<\/p>\n<p>Kasnije tog dana djevoj\u010dica je, zajedno sa jednom osobom koja ju je saslu\u0161ala, stigla do ku\u0107e u kojoj \u017eivi njen djed.<\/p>\n<p>Vati su roditelji prepoznali po mlade\u017eu i o\u017eiljku iznad obrve, koji je zadobila kad je imala \u0161est godina.<\/p>\n<p>U cunamiju 2004. godine stradalo je 200.000 ljudi.<\/p>\n","protected":false},"excerpt":{"rendered":"<p>Djevoj\u010dica po imenu Vati, za koju se vjerovalo da je stradala u razaraju\u0107em cunamiju koji je 2004. godine pogodio Indoneziju, na\u0111ena je \u017eiva i ponovo je sa svojom porodicom. Djevoj\u010dica sada ima 15 godina. Vatina majka Jusniar je poku\u0161ala tada da spase svoja tri djeteta, ali je cunami istrgnuo djevoj\u010dicu iz maj\u010dinog naru\u010dja i odnio [&hellip;]<\/p>\n","protected":false},"author":1,"featured_media":0,"comment_status":"open","ping_status":"closed","sticky":false,"template":"","format":"standard","meta":{"_seopress_robots_primary_cat":"","_seopress_titles_title":"","_seopress_titles_desc":"","_seopress_robots_index":"","_et_pb_use_builder":"","_et_pb_old_content":"","_et_gb_content_width":"","inline_featured_image":false,"footnotes":""},"categories":[9],"tags":[],"class_list":["post-70953","post","type-post","status-publish","format-standard","hentry","category-zanimljivosti"],"_links":{"self":[{"href":"https:\/\/www.pcnen.com\/portal\/wp-json\/wp\/v2\/posts\/70953","targetHints":{"allow":["GET"]}}],"collection":[{"href":"https:\/\/www.pcnen.com\/portal\/wp-json\/wp\/v2\/posts"}],"about":[{"href":"https:\/\/www.pcnen.com\/portal\/wp-json\/wp\/v2\/types\/post"}],"author":[{"embeddable":true,"href":"https:\/\/www.pcnen.com\/portal\/wp-json\/wp\/v2\/users\/1"}],"replies":[{"embeddable":true,"href":"https:\/\/www.pcnen.com\/portal\/wp-json\/wp\/v2\/comments?post=70953"}],"version-history":[{"count":0,"href":"https:\/\/www.pcnen.com\/portal\/wp-json\/wp\/v2\/posts\/70953\/revisions"}],"wp:attachment":[{"href":"https:\/\/www.pcnen.com\/portal\/wp-json\/wp\/v2\/media?parent=70953"}],"wp:term":[{"taxonomy":"category","embeddable":true,"href":"https:\/\/www.pcnen.com\/portal\/wp-json\/wp\/v2\/categories?post=70953"},{"taxonomy":"post_tag","embeddable":true,"href":"https:\/\/www.pcnen.com\/portal\/wp-json\/wp\/v2\/tags?post=70953"}],"curies":[{"name":"wp","href":"https:\/\/api.w.org\/{rel}","templated":true}]}}