{"id":70948,"date":"2011-12-22T17:58:05","date_gmt":"2011-12-22T16:58:05","guid":{"rendered":"http:\/\/www.pcnen.com\/portal\/?p=70948"},"modified":"2011-12-22T17:58:05","modified_gmt":"2011-12-22T16:58:05","slug":"ajmo-zajedno","status":"publish","type":"post","link":"https:\/\/www.pcnen.com\/portal\/2011\/12\/22\/ajmo-zajedno\/","title":{"rendered":"Ajmo zajedno"},"content":{"rendered":"<p>TV Vijesti, u saradnji sa Fondom za aktivno gra\u0111anstvo, u subotu 24.decembra premijerno prikazuje prvu od pet dokumentarnih emisija pod nazivom <strong><em>Ajmo zajedno<\/em><\/strong>, u cijem fokusu je volonterska podr\u0161ka djeci i mladima sa invaliditetom.<\/p>\n<p>U sklopu ovog projekta snimljen je i spot u saradnji sa re\u017eiserom Sa\u0161om Terzi\u0107em.<\/p>\n<p>Prva emisija posve\u0107ena je udru\u017eenju <em>Zra\u010dak nade<\/em> iz Pljevalja i volonterima, srednjo\u0161kolcima, koji nesebi\u010dno poma\u017eu i provode svoje slobodno vrijeme sa djecom iz tog Udru\u017eenja. U pitanju je nesvakida\u0161nja pri\u010da o tome kako u\u010denici pljevaljskih srednjih \u0161kola porovode vrijeme sa djecom iz Udru\u017eenja, bezuslovno im poma\u017eu\u0107i u njihovim svakodnevnim aktivnostima.<\/p>\n<p>Aktivnosti sedam organizacija, uglavnom roditeljskih udru\u017eenja bi\u0107e prikazana kroz prizmu djece sa smetnjama i te\u0161ko\u0107ama u razvoju, njihovih vr\u0161njaka, porodica i ostalih aktera u zajednici. Novinarka koja \u0107e se narednih mjeseci dru\u017eiti sa djecom \u0161irom Crne Gore je Dubravka Perovi\u0107.<\/p>\n<p>Nakon Pljevalja &#8211; TV Vijesti \u0107e posjetiti Bijelo Polje, Herceg Novi i Podgoricu, gradove gdje se ovakvi projekti realizuju.<\/p>\n<p>Repriza prve emisije <em>Ajmo zajedno<\/em>, je na programu TV Vijesti u nedjelju 25. decembra.<\/p>\n","protected":false},"excerpt":{"rendered":"<p>TV Vijesti, u saradnji sa Fondom za aktivno gra\u0111anstvo, u subotu 24.decembra premijerno prikazuje prvu od pet dokumentarnih emisija pod nazivom Ajmo zajedno, u cijem fokusu je volonterska podr\u0161ka djeci i mladima sa invaliditetom. U sklopu ovog projekta snimljen je i spot u saradnji sa re\u017eiserom Sa\u0161om Terzi\u0107em. Prva emisija posve\u0107ena je udru\u017eenju Zra\u010dak nade [&hellip;]<\/p>\n","protected":false},"author":1,"featured_media":0,"comment_status":"open","ping_status":"closed","sticky":false,"template":"","format":"standard","meta":{"_seopress_robots_primary_cat":"","_seopress_titles_title":"","_seopress_titles_desc":"","_seopress_robots_index":"","_et_pb_use_builder":"","_et_pb_old_content":"","_et_gb_content_width":"","inline_featured_image":false,"footnotes":""},"categories":[13],"tags":[],"class_list":["post-70948","post","type-post","status-publish","format-standard","hentry","category-video"],"_links":{"self":[{"href":"https:\/\/www.pcnen.com\/portal\/wp-json\/wp\/v2\/posts\/70948","targetHints":{"allow":["GET"]}}],"collection":[{"href":"https:\/\/www.pcnen.com\/portal\/wp-json\/wp\/v2\/posts"}],"about":[{"href":"https:\/\/www.pcnen.com\/portal\/wp-json\/wp\/v2\/types\/post"}],"author":[{"embeddable":true,"href":"https:\/\/www.pcnen.com\/portal\/wp-json\/wp\/v2\/users\/1"}],"replies":[{"embeddable":true,"href":"https:\/\/www.pcnen.com\/portal\/wp-json\/wp\/v2\/comments?post=70948"}],"version-history":[{"count":0,"href":"https:\/\/www.pcnen.com\/portal\/wp-json\/wp\/v2\/posts\/70948\/revisions"}],"wp:attachment":[{"href":"https:\/\/www.pcnen.com\/portal\/wp-json\/wp\/v2\/media?parent=70948"}],"wp:term":[{"taxonomy":"category","embeddable":true,"href":"https:\/\/www.pcnen.com\/portal\/wp-json\/wp\/v2\/categories?post=70948"},{"taxonomy":"post_tag","embeddable":true,"href":"https:\/\/www.pcnen.com\/portal\/wp-json\/wp\/v2\/tags?post=70948"}],"curies":[{"name":"wp","href":"https:\/\/api.w.org\/{rel}","templated":true}]}}