{"id":70853,"date":"2011-12-21T19:10:27","date_gmt":"2011-12-21T18:10:27","guid":{"rendered":"http:\/\/www.pcnen.com\/portal\/?p=70853"},"modified":"2011-12-21T19:10:27","modified_gmt":"2011-12-21T18:10:27","slug":"novi-podvig-%e2%80%99super-serpasa%e2%80%99","status":"publish","type":"post","link":"https:\/\/www.pcnen.com\/portal\/2011\/12\/21\/novi-podvig-%e2%80%99super-serpasa%e2%80%99\/","title":{"rendered":"Novi podvig \u2019Super \u0161erpasa\u2019"},"content":{"rendered":"<p><a href=\"http:\/\/www.pcnen.com\/portal\/wp-content\/uploads\/2011\/12\/%C5%A0erpas-Apa.jpg\"><img loading=\"lazy\" decoding=\"async\" class=\"alignleft size-full wp-image-70854\" title=\"\u0160erpas Apa\" src=\"http:\/\/www.pcnen.com\/portal\/wp-content\/uploads\/2011\/12\/%C5%A0erpas-Apa.jpg\" alt=\"\" width=\"287\" height=\"176\" \/><\/a>Nepalski \u0161erpas Apa, rekorder prema broju uspona na Mont Everest, najavio je danas da planira da po\u0111e na put dug 1.700 kilometara kroz Himalaje.<\/p>\n<p>Kako prenosi AFP, 51-godi\u0161nji Nepalac, koji se 21 put popeo na najvi\u0161i vrh svijeta, krenu\u0107e u januaru na 120-dnevni put kako bi skrenuo pa\u017enju javnosti na \u0161tetne posljedice klimatskih promjena, prenosi Tanjug.<\/p>\n<p>U ekspediciji sa Apom bi\u0107e njegov kolega Dava Stiven. To \u0107e biti prvo zvani\u010dno putovanje trasom Velikih Himalaja koja je otvorena u septembru, a koja \u0107e dvojicu nepalskih planinara odvesti iznad 6.000 metara nadmorske visine.<\/p>\n<p>&#8220;Trasa Velikih Himalaja je vjerovatno najbolja pje\u0161a\u010dka staza na svijetu&#8221;, kazao je \u0161erpas Apa, opisuju\u0107i avanturu kao &#8220;priliku koja se pru\u017ea samo jednom u \u017eivotu&#8221;.<\/p>\n<p>Staza prolazi cijelom du\u017einom Himalaja u Nepalu i prostire se u sjenci osam od deset najvi\u0161ih svjetskih planinskih vrhova.<\/p>\n<p>Ekspedicija je nazvana <em>Trasa ekolo\u0161ki svjesnih poznatih li\u010dnosti<\/em>, jer se dvojica planinara nadaju da \u0107e ih tokom putovanja povremeno pratiti pojedine holivudske i bolivudske zvijezde, mada organizatori, zasad, nijesu dobili nijednu potvrdu.<\/p>\n<p>Otac troje djece, Apa, ro\u0111en je u Nepalu, a danas \u017eivi u SAD. Prvi put je kro\u010dio na &#8220;krov svijeta&#8221; (8.848 metara) 1990. godine.<\/p>\n<p>Tokom protekle dvije decenije, \u010desto je skretao pa\u017enju javnosti na dramati\u010dne promjene s kojim se suo\u010dava Mont Everest. Nakon pro\u0161logodi\u0161nje ekspedicije, upozorio je da planina usljed porasta temperatura postaje sve opasnija za planinare.<\/p>\n<p>&#8220;Super \u0161erpas&#8221; je svoja posljednja \u010detiri uspona posvetio naporima o\u010duvanja Mont Everesta koju \u0161erpasi smatraju svetom planinom. Ove godine jej zajedno sa grupom volonteraj pomogao u \u010di\u0161\u0107enju planine od tona \u0111ubreta koje planinari i turisti ostavljaju za sobom.<\/p>\n<p>Apa je osnovao fondaciju posve\u0107enu pobolj\u0161anju obrazovanja u zaba\u010denoj himalajskoj oblasti u kojoj je ro\u0111en.<\/p>\n","protected":false},"excerpt":{"rendered":"<p>51-godi\u0161nji Nepalac, koji se 21 put popeo na najvi\u0161i vrh svijeta, krenu\u0107e u januaru na 120-dnevni put kako bi skrenuo pa\u017enju javnosti na \u0161tetne posljedice klimatskih promjena,<\/p>\n","protected":false},"author":1,"featured_media":0,"comment_status":"open","ping_status":"closed","sticky":false,"template":"","format":"standard","meta":{"_seopress_robots_primary_cat":"","_seopress_titles_title":"","_seopress_titles_desc":"","_seopress_robots_index":"","_et_pb_use_builder":"","_et_pb_old_content":"","_et_gb_content_width":"","inline_featured_image":false,"footnotes":""},"categories":[9],"tags":[],"class_list":["post-70853","post","type-post","status-publish","format-standard","hentry","category-zanimljivosti"],"_links":{"self":[{"href":"https:\/\/www.pcnen.com\/portal\/wp-json\/wp\/v2\/posts\/70853","targetHints":{"allow":["GET"]}}],"collection":[{"href":"https:\/\/www.pcnen.com\/portal\/wp-json\/wp\/v2\/posts"}],"about":[{"href":"https:\/\/www.pcnen.com\/portal\/wp-json\/wp\/v2\/types\/post"}],"author":[{"embeddable":true,"href":"https:\/\/www.pcnen.com\/portal\/wp-json\/wp\/v2\/users\/1"}],"replies":[{"embeddable":true,"href":"https:\/\/www.pcnen.com\/portal\/wp-json\/wp\/v2\/comments?post=70853"}],"version-history":[{"count":0,"href":"https:\/\/www.pcnen.com\/portal\/wp-json\/wp\/v2\/posts\/70853\/revisions"}],"wp:attachment":[{"href":"https:\/\/www.pcnen.com\/portal\/wp-json\/wp\/v2\/media?parent=70853"}],"wp:term":[{"taxonomy":"category","embeddable":true,"href":"https:\/\/www.pcnen.com\/portal\/wp-json\/wp\/v2\/categories?post=70853"},{"taxonomy":"post_tag","embeddable":true,"href":"https:\/\/www.pcnen.com\/portal\/wp-json\/wp\/v2\/tags?post=70853"}],"curies":[{"name":"wp","href":"https:\/\/api.w.org\/{rel}","templated":true}]}}