{"id":70010,"date":"2011-12-13T11:16:17","date_gmt":"2011-12-13T10:16:17","guid":{"rendered":"http:\/\/www.pcnen.com\/portal\/?p=70010"},"modified":"2011-12-13T11:16:17","modified_gmt":"2011-12-13T10:16:17","slug":"medenica-ambasadorka-u-rusiji","status":"publish","type":"post","link":"https:\/\/www.pcnen.com\/portal\/2011\/12\/13\/medenica-ambasadorka-u-rusiji\/","title":{"rendered":"Medenica  ambasadorka u Rusiji?"},"content":{"rendered":"<p>Najozbiljniji kandidat za upra\u017enjeno mjesto crnogorske ambasade u Ruskoj Federaciji je predsjednica Vrhovnog suda Vesna Medenica, pi\u0161u Vijesti.<\/p>\n<p>Dr\u017eavna sekretarka u Ministarstvu vanjskih poslova i evropskih integracija Slavica Mila\u010di\u0107 je kandidat za novog ambasadora u Sloveniji, dok bi nekada\u0161nji \u0161ef diplomatije i diplomatski predstavnik u Ljubljani Branko Perovi\u0107 mogao da bude imenovan za ambasadora u Kini, saznaje list u Vladi Crne Gore.<\/p>\n<p>Iako jo\u0161 nije donijeta kona\u010dna odluka, Mila\u010di\u0107 bi uskoro mogla da zamijeni aktuelnog ambasadora u Ljubljani Ranka Milovi\u0107a, dok \u0107e Perovi\u0107 u Peking umjesto Ljiljane To\u0161kovi\u0107, kojoj isti\u010de mandat.<\/p>\n<p>Nakon \u0161to je ljetos na li\u010dni zahtjev smijenjen Goran Rako\u010devi\u0107, Crna Gora nije jo\u0161 imenovala ambasadora u Zagrebu, a za sada je jedini kandidat Vuk Bo\u0161kovi\u0107, nekada\u0161nji savjetnik za bezbijednost predsjednika Filipa Vujanovi\u0107a.<\/p>\n<p>Nijedno od tih imenovanja jo\u0161 nije potvr\u0111eno, jer dr\u017eavni vrh jo\u0161 nije imao sastanak na kojem bi bila donijeta kona\u010dna odluka.<\/p>\n<p>Ranije je odlaze\u0107i ministar za manjinska prava Ferhat Dino\u0161a imenovan kao kandidat za ambasadora u Albaniji, koji bi u Tirani trebalo da zamijeni \u017deljka Perovi\u0107a.<\/p>\n","protected":false},"excerpt":{"rendered":"<p>Najozbiljniji kandidat za upra\u017enjeno mjesto crnogorske ambasade u Ruskoj Federaciji je predsjednica Vrhovnog suda Vesna Medenica, pi\u0161u Vijesti. Dr\u017eavna sekretarka u Ministarstvu vanjskih poslova i evropskih integracija Slavica Mila\u010di\u0107 je kandidat za novog ambasadora u Sloveniji, dok bi nekada\u0161nji \u0161ef diplomatije i diplomatski predstavnik u Ljubljani Branko Perovi\u0107 mogao da bude imenovan za ambasadora u [&hellip;]<\/p>\n","protected":false},"author":1,"featured_media":0,"comment_status":"open","ping_status":"closed","sticky":false,"template":"","format":"standard","meta":{"_seopress_robots_primary_cat":"","_seopress_titles_title":"","_seopress_titles_desc":"","_seopress_robots_index":"","_et_pb_use_builder":"","_et_pb_old_content":"","_et_gb_content_width":"","inline_featured_image":false,"footnotes":""},"categories":[14],"tags":[],"class_list":["post-70010","post","type-post","status-publish","format-standard","hentry","category-vijesti"],"_links":{"self":[{"href":"https:\/\/www.pcnen.com\/portal\/wp-json\/wp\/v2\/posts\/70010","targetHints":{"allow":["GET"]}}],"collection":[{"href":"https:\/\/www.pcnen.com\/portal\/wp-json\/wp\/v2\/posts"}],"about":[{"href":"https:\/\/www.pcnen.com\/portal\/wp-json\/wp\/v2\/types\/post"}],"author":[{"embeddable":true,"href":"https:\/\/www.pcnen.com\/portal\/wp-json\/wp\/v2\/users\/1"}],"replies":[{"embeddable":true,"href":"https:\/\/www.pcnen.com\/portal\/wp-json\/wp\/v2\/comments?post=70010"}],"version-history":[{"count":0,"href":"https:\/\/www.pcnen.com\/portal\/wp-json\/wp\/v2\/posts\/70010\/revisions"}],"wp:attachment":[{"href":"https:\/\/www.pcnen.com\/portal\/wp-json\/wp\/v2\/media?parent=70010"}],"wp:term":[{"taxonomy":"category","embeddable":true,"href":"https:\/\/www.pcnen.com\/portal\/wp-json\/wp\/v2\/categories?post=70010"},{"taxonomy":"post_tag","embeddable":true,"href":"https:\/\/www.pcnen.com\/portal\/wp-json\/wp\/v2\/tags?post=70010"}],"curies":[{"name":"wp","href":"https:\/\/api.w.org\/{rel}","templated":true}]}}