{"id":69879,"date":"2011-12-11T19:23:20","date_gmt":"2011-12-11T18:23:20","guid":{"rendered":"http:\/\/www.pcnen.com\/portal\/?p=69879"},"modified":"2011-12-11T19:23:21","modified_gmt":"2011-12-11T18:23:21","slug":"keljmendi-glasao-na-referendumu-i-ne-radi-drogu","status":"publish","type":"post","link":"https:\/\/www.pcnen.com\/portal\/2011\/12\/11\/keljmendi-glasao-na-referendumu-i-ne-radi-drogu\/","title":{"rendered":"Keljmendi glasao na referendumu i &#8216;ne radi drogu&#8217;"},"content":{"rendered":"<p><a href=\"http:\/\/www.pcnen.com\/portal\/wp-content\/uploads\/2011\/12\/Naser-Keljmendi.jpg\"><img loading=\"lazy\" decoding=\"async\" class=\"alignleft size-thumbnail wp-image-69880\" title=\"Naser Keljmendi\" src=\"http:\/\/www.pcnen.com\/portal\/wp-content\/uploads\/2011\/12\/Naser-Keljmendi-150x150.jpg\" alt=\"\" width=\"150\" height=\"150\" \/><\/a>Kontroverzni kosovski i b\/h biznismen Naser Keljmendi, koga su mediji u vi\u0161e navrata povezivali sa narko-biznisom, negirao je da je ikada radio sa drogom, ali je potvrdio da je nov\u010dano pomogao obnovu crnogorske dr\u017eavnosti.<\/p>\n<p>&#8220;Za svojih 54 godine nikad nijesam radio drogu niti me to ikada interesovalo. Spreman sam da odgovaram jer nikome ne mogu re\u0107i da ne vodi istragu protiv mene&#8221;, rekao je Keljmendi novinarima dnevnika <a href=\"http:\/\/www.vijesti.me\/vijesti\/naser-keljmendi-vijesti-ja-sam-samo-trgovac-clanak-51268\"><em>Vijesti,<\/em><\/a> koji \u0107e cijeli razgovor objaviti u sjutr\u0161njem \u0161tampanom izdanju.<\/p>\n<p>Keljmendi nije krio da je glasao na crnogorskom referendumu i da je nov\u010dano pomogao obnovu dr\u017eavnosti.<\/p>\n<p>Ovdje je glasao i na referendumu i, kako ka\u017ee, nov\u010dano pomogao dobijanje crnogorske nezavisnosti.<\/p>\n<p>&#8220;Negdje smo lobirali, negdje organizovali prevoz&#8230;Nisam potro\u0161io veliki novac za kampanju niti je to neko od mene tra\u017eio. Osje\u0107ao sam moralnu i materijalnu obavezu prema Crnoj Gori, jer dok je bio rat na Kosovu svi Albanci su tu dobro primljeni&#8221;, kazao je Keljmendi.<\/p>\n<p>On tvrdi da ne poznaje optu\u017eene za \u0161verc narkotika Darka \u0160ari\u0107a i safeta Kali\u0107a, niti ljude iz crnogorske vlasti.<\/p>\n","protected":false},"excerpt":{"rendered":"<p>Kontroverzni biznismen Naser Keljmendi negira da je ikada radio sa drogom, ali je potvrdio da je nov\u010dano pomogao obnovu crnogorske dr\u017eavnosti.<\/p>\n","protected":false},"author":1,"featured_media":0,"comment_status":"open","ping_status":"closed","sticky":false,"template":"","format":"standard","meta":{"_seopress_robots_primary_cat":"","_seopress_titles_title":"","_seopress_titles_desc":"","_seopress_robots_index":"","_et_pb_use_builder":"","_et_pb_old_content":"","_et_gb_content_width":"","inline_featured_image":false,"footnotes":""},"categories":[14,12],"tags":[],"class_list":["post-69879","post","type-post","status-publish","format-standard","hentry","category-vijesti","category-prica-dana"],"_links":{"self":[{"href":"https:\/\/www.pcnen.com\/portal\/wp-json\/wp\/v2\/posts\/69879","targetHints":{"allow":["GET"]}}],"collection":[{"href":"https:\/\/www.pcnen.com\/portal\/wp-json\/wp\/v2\/posts"}],"about":[{"href":"https:\/\/www.pcnen.com\/portal\/wp-json\/wp\/v2\/types\/post"}],"author":[{"embeddable":true,"href":"https:\/\/www.pcnen.com\/portal\/wp-json\/wp\/v2\/users\/1"}],"replies":[{"embeddable":true,"href":"https:\/\/www.pcnen.com\/portal\/wp-json\/wp\/v2\/comments?post=69879"}],"version-history":[{"count":0,"href":"https:\/\/www.pcnen.com\/portal\/wp-json\/wp\/v2\/posts\/69879\/revisions"}],"wp:attachment":[{"href":"https:\/\/www.pcnen.com\/portal\/wp-json\/wp\/v2\/media?parent=69879"}],"wp:term":[{"taxonomy":"category","embeddable":true,"href":"https:\/\/www.pcnen.com\/portal\/wp-json\/wp\/v2\/categories?post=69879"},{"taxonomy":"post_tag","embeddable":true,"href":"https:\/\/www.pcnen.com\/portal\/wp-json\/wp\/v2\/tags?post=69879"}],"curies":[{"name":"wp","href":"https:\/\/api.w.org\/{rel}","templated":true}]}}