{"id":69748,"date":"2011-12-09T21:07:32","date_gmt":"2011-12-09T20:07:32","guid":{"rendered":"http:\/\/www.pcnen.com\/portal\/?p=69748"},"modified":"2011-12-09T21:10:51","modified_gmt":"2011-12-09T20:10:51","slug":"falsifikator-listinga-ipak-iz-cg","status":"publish","type":"post","link":"https:\/\/www.pcnen.com\/portal\/2011\/12\/09\/falsifikator-listinga-ipak-iz-cg\/","title":{"rendered":"Falsifikator listinga ipak iz CG?"},"content":{"rendered":"<p><a href=\"http:\/\/www.pcnen.com\/portal\/wp-content\/uploads\/2011\/12\/listing.jpg\"><img loading=\"lazy\" decoding=\"async\" class=\"alignleft size-thumbnail wp-image-69250\" title=\"listing\" src=\"http:\/\/www.pcnen.com\/portal\/wp-content\/uploads\/2011\/12\/listing-150x150.jpg\" alt=\"\" width=\"150\" height=\"150\" srcset=\"https:\/\/www.pcnen.com\/portal\/wp-content\/uploads\/2011\/12\/listing-150x150.jpg 150w, https:\/\/www.pcnen.com\/portal\/wp-content\/uploads\/2011\/12\/listing-144x144.jpg 144w, https:\/\/www.pcnen.com\/portal\/wp-content\/uploads\/2011\/12\/listing-50x50.jpg 50w, https:\/\/www.pcnen.com\/portal\/wp-content\/uploads\/2011\/12\/listing-70x70.jpg 70w\" sizes=\"(max-width: 150px) 100vw, 150px\" \/><\/a>Pet policija regiona, Hrvatske, BiH, Slovenije, RS i <a href=\"http:\/\/www.pcnen.com\/portal\/2011\/12\/09\/srpska-policija-negira-da-je-dobijala-sariceve-listinge-od-crnogorskih-kolega\/\">Srbije<\/a> potvrdilo je za TV Vijesti da od crnogorskih kolega nijesu dobili listingle telefonskih razgovora Darka \u0160ari\u0107a.<\/p>\n<p>Uprava policije je ranije saop\u0161tila da su listinzi, \u201dradi vo\u0111enja regionalnih istraga, od strane UP a na zahtjev partnerskih slu\u017ebi, u utvr\u0111enoj proceduri, izuzimani i <a href=\"http:\/\/www.pcnen.com\/portal\/2011\/12\/06\/afera-listing-uprava-policije-cg-sumnjici-kolege-iz-regiona\/\">dostavljani partnerskim slu\u017ebama van <\/a>Crne Gore, a o \u010demu Uprava policije posjeduje i dokumentaciju\u201d.<\/p>\n<p>Dvojica penzionisanih slu\u017ebenika Uprave policije Crne Gore ju\u010de su, prilikom saslu\u0161avanja, \u00a0<a href=\"http:\/\/www.pcnen.com\/portal\/2011\/12\/08\/sluzbenici-upcg-listinge-licno-dali-kolegama-iz-regiona\/\">priznali da su <\/a>krajem 2008. i po\u010detkom 2009. godine li\u010dno predali partnerskim slu\u017ebama van Crne Gore listinge Darka \u0160ari\u0107a.<\/p>\n<p>Ministar pravde Du\u0161ko Markovi\u0107, upro je prst \u00a0u policijske redove.<\/p>\n<p>\u201cSada treba da utvrdimo ko je taj listing iznio van policije i ko je na njemu vr\u0161io intervencije\u201c, rekao je ve\u010deras Markovi\u0107.<\/p>\n<p>&nbsp;<\/p>\n<p>&nbsp;<\/p>\n","protected":false},"excerpt":{"rendered":"<p>Pet policija regiona, Hrvatske, BiH, Slovenije, RS i Srbije potvrdilo je za TV Vijesti da od crnogorskih kolega nijesu dobili listingle telefonskih razgovora Darka \u0160ari\u0107a. Uprava policije je ranije saop\u0161tila da su listinzi, \u201dradi vo\u0111enja regionalnih istraga, od strane UP a na zahtjev partnerskih slu\u017ebi, u utvr\u0111enoj proceduri, izuzimani i dostavljani partnerskim slu\u017ebama van Crne [&hellip;]<\/p>\n","protected":false},"author":1,"featured_media":69250,"comment_status":"open","ping_status":"closed","sticky":false,"template":"","format":"standard","meta":{"_seopress_robots_primary_cat":"","_seopress_titles_title":"","_seopress_titles_desc":"","_seopress_robots_index":"","_et_pb_use_builder":"","_et_pb_old_content":"","_et_gb_content_width":"","inline_featured_image":false,"footnotes":""},"categories":[14,12],"tags":[],"class_list":["post-69748","post","type-post","status-publish","format-standard","has-post-thumbnail","hentry","category-vijesti","category-prica-dana"],"_links":{"self":[{"href":"https:\/\/www.pcnen.com\/portal\/wp-json\/wp\/v2\/posts\/69748","targetHints":{"allow":["GET"]}}],"collection":[{"href":"https:\/\/www.pcnen.com\/portal\/wp-json\/wp\/v2\/posts"}],"about":[{"href":"https:\/\/www.pcnen.com\/portal\/wp-json\/wp\/v2\/types\/post"}],"author":[{"embeddable":true,"href":"https:\/\/www.pcnen.com\/portal\/wp-json\/wp\/v2\/users\/1"}],"replies":[{"embeddable":true,"href":"https:\/\/www.pcnen.com\/portal\/wp-json\/wp\/v2\/comments?post=69748"}],"version-history":[{"count":0,"href":"https:\/\/www.pcnen.com\/portal\/wp-json\/wp\/v2\/posts\/69748\/revisions"}],"wp:featuredmedia":[{"embeddable":true,"href":"https:\/\/www.pcnen.com\/portal\/wp-json\/wp\/v2\/media\/69250"}],"wp:attachment":[{"href":"https:\/\/www.pcnen.com\/portal\/wp-json\/wp\/v2\/media?parent=69748"}],"wp:term":[{"taxonomy":"category","embeddable":true,"href":"https:\/\/www.pcnen.com\/portal\/wp-json\/wp\/v2\/categories?post=69748"},{"taxonomy":"post_tag","embeddable":true,"href":"https:\/\/www.pcnen.com\/portal\/wp-json\/wp\/v2\/tags?post=69748"}],"curies":[{"name":"wp","href":"https:\/\/api.w.org\/{rel}","templated":true}]}}