{"id":69669,"date":"2011-12-09T09:50:34","date_gmt":"2011-12-09T08:50:34","guid":{"rendered":"http:\/\/www.pcnen.com\/portal\/?p=69669"},"modified":"2011-12-09T09:58:41","modified_gmt":"2011-12-09T08:58:41","slug":"srpska-policija-negira-da-je-dobijala-sariceve-listinge-od-crnogorskih-kolega","status":"publish","type":"post","link":"https:\/\/www.pcnen.com\/portal\/2011\/12\/09\/srpska-policija-negira-da-je-dobijala-sariceve-listinge-od-crnogorskih-kolega\/","title":{"rendered":"Srpska policija negira da je dobijala \u0160ari\u0107eve listinge od crnogorskih kolega"},"content":{"rendered":"<p><a href=\"http:\/\/www.pcnen.com\/portal\/wp-content\/uploads\/2011\/12\/istraga-ilustracija.jpg\"><img loading=\"lazy\" decoding=\"async\" class=\"alignleft size-thumbnail wp-image-69532\" title=\"istraga, ilustracija\" src=\"http:\/\/www.pcnen.com\/portal\/wp-content\/uploads\/2011\/12\/istraga-ilustracija-150x150.jpg\" alt=\"\" width=\"150\" height=\"150\" \/><\/a>Ministarstvo unutra\u0161njih poslova Srbije nije od crnogorske policije dobijao listinge telefonskih razgovora odbjeglog Darka \u0160ari\u0107a, rekao je za podgori\u010dki dnevnik Dan Vanja Vuki\u0107, vr\u0161ilac du\u017enosti \u0161efa kabineta ministra unutra\u0161njih poslova Ivice Da\u010di\u0107a.<\/p>\n<p>On je rekao da srpska policija stoji na raspolaganju kolegama iz Crne Gore, ukoliko im bude potrebna pomo\u0107 u istrazi.<\/p>\n<p>TVCG je sino\u0107 objavila da su dvojica penzionisanih slu\u017ebenika Uprave policije CG rekla prilikom saslu\u0161anja u Tu\u017eila\u0161tvu da su<a title=\"Slu\u017ebenici UPCG listinge li\u010dno dali kolegama iz regiona\" href=\"http:\/\/www.pcnen.com\/portal\/2011\/12\/08\/sluzbenici-upcg-listinge-licno-dali-kolegama-iz-regiona\/\"> li\u010dno kolegama iz reginalnih slu\u017ebi dala listinge krajem 2008. i po\u010detkom 2009. godine. <\/a>Nije, dodu\u0161e, precizirano kojim slu\u017ebama su dati listinzi.<\/p>\n<p>Podgori\u010dki dnevnik <em>Vijesti <\/em>otkriva da su sino\u0107 u tu\u017eila\u0161tvu ispitivani Neboj\u0161a Stijovi\u0107 i Rajko \u0160o\u0107, kao i da im je nezvani\u010dno re\u010deno da iskaz dvojice penzionisanih policajaca nije bio od presudnog zna\u010daja da bi tu\u017eilac donio odluku, ve\u0107 se istraga nastavlja kako bi se utvrdilo gdje se desila zloupotreba listinga.<\/p>\n<p>Vijesti pi\u0161u da je Neboj\u0161a Stijovi\u0107 penzionisan pro\u0161le godine, a da je njegovo posljednje zadu\u017eenje u Upravi policije bilo mjesto na\u010delnika Uprave za op\u0161ti kriminalitet. Prije te fukcije dugo je bio na\u010delnik Uprave za borbu protiv droge.<\/p>\n<p>Prema navodima <em>Vijesti<\/em> Rajko \u0160o\u0107 je penzionisan u januaru pro\u0161le godine, a u trenutku penzionisanja pokrivao je mjesto rukovodioca grupe za krvne i seksualne delikte. Na toj poziciji je bio vrlo kratko, a dugo je obavljao du\u017enost \u0161efa kriminalistike na Cetinju.<\/p>\n<p>Faksimile telefonskih listinga Darka \u0160ari\u0107a, na kojima se nalaze i imena aktuelnog crnogorskog premijera i \u0161efa crnogorske diplomatije, Igora Luk\u0161i\u0107a i Milana Ro\u0107ena, objavio je podgori\u010dki list Dan, nakon \u0161to ih je dobio u preporu\u010denoj po\u0161iljci, upu\u0107enoj iz po\u0161te u Plu\u017einama.<\/p>\n","protected":false},"excerpt":{"rendered":"<p>Srpska policija stoji na raspolaganju kolegama iz Crne Gore, ukoliko im bude potrebna pomo\u0107 u istrazi.<\/p>\n","protected":false},"author":1,"featured_media":0,"comment_status":"open","ping_status":"closed","sticky":false,"template":"","format":"standard","meta":{"_seopress_robots_primary_cat":"","_seopress_titles_title":"","_seopress_titles_desc":"","_seopress_robots_index":"","_et_pb_use_builder":"","_et_pb_old_content":"","_et_gb_content_width":"","inline_featured_image":false,"footnotes":""},"categories":[14,12],"tags":[],"class_list":["post-69669","post","type-post","status-publish","format-standard","hentry","category-vijesti","category-prica-dana"],"_links":{"self":[{"href":"https:\/\/www.pcnen.com\/portal\/wp-json\/wp\/v2\/posts\/69669","targetHints":{"allow":["GET"]}}],"collection":[{"href":"https:\/\/www.pcnen.com\/portal\/wp-json\/wp\/v2\/posts"}],"about":[{"href":"https:\/\/www.pcnen.com\/portal\/wp-json\/wp\/v2\/types\/post"}],"author":[{"embeddable":true,"href":"https:\/\/www.pcnen.com\/portal\/wp-json\/wp\/v2\/users\/1"}],"replies":[{"embeddable":true,"href":"https:\/\/www.pcnen.com\/portal\/wp-json\/wp\/v2\/comments?post=69669"}],"version-history":[{"count":0,"href":"https:\/\/www.pcnen.com\/portal\/wp-json\/wp\/v2\/posts\/69669\/revisions"}],"wp:attachment":[{"href":"https:\/\/www.pcnen.com\/portal\/wp-json\/wp\/v2\/media?parent=69669"}],"wp:term":[{"taxonomy":"category","embeddable":true,"href":"https:\/\/www.pcnen.com\/portal\/wp-json\/wp\/v2\/categories?post=69669"},{"taxonomy":"post_tag","embeddable":true,"href":"https:\/\/www.pcnen.com\/portal\/wp-json\/wp\/v2\/tags?post=69669"}],"curies":[{"name":"wp","href":"https:\/\/api.w.org\/{rel}","templated":true}]}}