{"id":69630,"date":"2011-12-08T19:52:15","date_gmt":"2011-12-08T18:52:15","guid":{"rendered":"http:\/\/www.pcnen.com\/portal\/?p=69630"},"modified":"2011-12-08T19:52:15","modified_gmt":"2011-12-08T18:52:15","slug":"sluzbenici-upcg-listinge-licno-dali-kolegama-iz-regiona","status":"publish","type":"post","link":"https:\/\/www.pcnen.com\/portal\/2011\/12\/08\/sluzbenici-upcg-listinge-licno-dali-kolegama-iz-regiona\/","title":{"rendered":"Slu\u017ebenici UPCG listinge li\u010dno dali kolegama iz regiona"},"content":{"rendered":"<p><a href=\"http:\/\/www.pcnen.com\/portal\/wp-content\/uploads\/2011\/12\/Afera-Listing.jpg\"><img loading=\"lazy\" decoding=\"async\" class=\"alignleft size-thumbnail wp-image-69631\" title=\"Afera Listing\" src=\"http:\/\/www.pcnen.com\/portal\/wp-content\/uploads\/2011\/12\/Afera-Listing-150x150.jpg\" alt=\"\" width=\"150\" height=\"150\" srcset=\"https:\/\/www.pcnen.com\/portal\/wp-content\/uploads\/2011\/12\/Afera-Listing-150x150.jpg 150w, https:\/\/www.pcnen.com\/portal\/wp-content\/uploads\/2011\/12\/Afera-Listing-144x144.jpg 144w, https:\/\/www.pcnen.com\/portal\/wp-content\/uploads\/2011\/12\/Afera-Listing-50x50.jpg 50w, https:\/\/www.pcnen.com\/portal\/wp-content\/uploads\/2011\/12\/Afera-Listing-70x70.jpg 70w\" sizes=\"(max-width: 150px) 100vw, 150px\" \/><\/a>Dvojica penzionisanih slu\u017ebenika Uprave policije Crne Gore su priznali da su krajem 2008. i po\u010detkom 2009. godine li\u010dno predali partnerskim slu\u017ebama\u00a0 van Crne Gore listinge Darka \u0160ari\u0107a, objavila je TVCG.<\/p>\n<p>Listing je, kako je navedeno, predat za potrebe me\u0111unarodne istrage u okviru redovne regionalne saradnje.<\/p>\n<p>Time su, prema navodima TVCG, potvr\u0111ene <a title=\"Afera listing: Uprava policije CG sumnji\u010di kolege iz regiona\" href=\"http:\/\/www.pcnen.com\/portal\/2011\/12\/06\/afera-listing-uprava-policije-cg-sumnjici-kolege-iz-regiona\/\">tvrdnje Uprave policije<\/a> da je sporni listing sa neistinitim podacima nije falsifikovan u Upravi policije CG, odnosno da je afera lansirana izvan Crne Gore.<\/p>\n<p>TVCG nije objavila ko su biv\u0161i slu\u017ebenici Uprave policije koje je saslu\u0161ala spcijalna tu\u017eiteljka za organizovani kriminal \u0110ur\u0111ina Ivanovi\u0107.<\/p>\n<p>Faksimile telefonskih listinga Darka \u0160ari\u0107a, na kojima se nalaze i imena aktuelnog crnogorskog premijera i \u0161efa crnogorske diplomatije, Igora Luk\u0161i\u0107a i Milana Ro\u0107ena, <a title=\"Dan: \u0160ari\u0107 razgovarao sa Luk\u0161i\u0107em i Ro\u0107enom\" href=\"http:\/\/www.pcnen.com\/portal\/2011\/12\/04\/dan-saric-razgovarao-telefonom-sa-luksicem-i-rocenom\/\">objavio je podgori\u010dki list <\/a><em><a title=\"Dan: \u0160ari\u0107 razgovarao sa Luk\u0161i\u0107em i Ro\u0107enom\" href=\"http:\/\/www.pcnen.com\/portal\/2011\/12\/04\/dan-saric-razgovarao-telefonom-sa-luksicem-i-rocenom\/\">Dan<\/a>, <\/em>nakon \u0161to ih je dobio u preporu\u010denoj po\u0161iljci, upu\u0107enoj iz po\u0161te u Plu\u017einama.<\/p>\n","protected":false},"excerpt":{"rendered":"<p>Dvojica penzionisanih slu\u017ebenika Uprave policije Crne Gore su priznali da su krajem 2008. i po\u010detkom 2009. godine li\u010dno predali partnerskim slu\u017ebama\u00a0 van Crne Gore listinge Darka \u0160ari\u0107a, objavila je TVCG. Listing je, kako je navedeno, predat za potrebe me\u0111unarodne istrage u okviru redovne regionalne saradnje. Time su, prema navodima TVCG, potvr\u0111ene tvrdnje Uprave policije da [&hellip;]<\/p>\n","protected":false},"author":1,"featured_media":69631,"comment_status":"open","ping_status":"closed","sticky":false,"template":"","format":"standard","meta":{"_seopress_robots_primary_cat":"","_seopress_titles_title":"","_seopress_titles_desc":"","_seopress_robots_index":"","_et_pb_use_builder":"","_et_pb_old_content":"","_et_gb_content_width":"","inline_featured_image":false,"footnotes":""},"categories":[14,12],"tags":[],"class_list":["post-69630","post","type-post","status-publish","format-standard","has-post-thumbnail","hentry","category-vijesti","category-prica-dana"],"_links":{"self":[{"href":"https:\/\/www.pcnen.com\/portal\/wp-json\/wp\/v2\/posts\/69630","targetHints":{"allow":["GET"]}}],"collection":[{"href":"https:\/\/www.pcnen.com\/portal\/wp-json\/wp\/v2\/posts"}],"about":[{"href":"https:\/\/www.pcnen.com\/portal\/wp-json\/wp\/v2\/types\/post"}],"author":[{"embeddable":true,"href":"https:\/\/www.pcnen.com\/portal\/wp-json\/wp\/v2\/users\/1"}],"replies":[{"embeddable":true,"href":"https:\/\/www.pcnen.com\/portal\/wp-json\/wp\/v2\/comments?post=69630"}],"version-history":[{"count":0,"href":"https:\/\/www.pcnen.com\/portal\/wp-json\/wp\/v2\/posts\/69630\/revisions"}],"wp:featuredmedia":[{"embeddable":true,"href":"https:\/\/www.pcnen.com\/portal\/wp-json\/wp\/v2\/media\/69631"}],"wp:attachment":[{"href":"https:\/\/www.pcnen.com\/portal\/wp-json\/wp\/v2\/media?parent=69630"}],"wp:term":[{"taxonomy":"category","embeddable":true,"href":"https:\/\/www.pcnen.com\/portal\/wp-json\/wp\/v2\/categories?post=69630"},{"taxonomy":"post_tag","embeddable":true,"href":"https:\/\/www.pcnen.com\/portal\/wp-json\/wp\/v2\/tags?post=69630"}],"curies":[{"name":"wp","href":"https:\/\/api.w.org\/{rel}","templated":true}]}}