{"id":66326,"date":"2010-04-01T11:10:49","date_gmt":"2010-04-01T11:10:49","guid":{"rendered":"http:\/\/www.pcnen.com\/portal\/?p=66326"},"modified":"2016-10-14T08:16:47","modified_gmt":"2016-10-14T06:16:47","slug":"u-mojoj-gornjoj-gorici","status":"publish","type":"post","link":"https:\/\/www.pcnen.com\/portal\/2010\/04\/01\/u-mojoj-gornjoj-gorici\/","title":{"rendered":"U MOJOJ GORNJOJ GORICI&#8230;"},"content":{"rendered":"<p>Demonsko djelo. Jedno umiljato bi\u0107e, oteto je iz njegovog dvori\u0161ta i pretu\u010deno  na smrt motkama, kojima su dva mladi\u0107a krvni\u010dki udarala po njegovom malenom tijelu, koje se nije ni opiralo. <\/p>\n<p><em><strong>Pi\u0161e: Marijana Maja Mugo\u0161a<\/strong><\/em><\/p>\n<p><!--[if gte mso 9]><xml>  <w:worddocument>   <w:view>Normal<\/w:view>   <w:zoom>0<\/w:zoom>   <w:punctuationkerning><\/w:punctuationkerning>   <w:validateagainstschemas><\/w:validateagainstschemas>   <w:saveifxmlinvalid>false<\/w:saveifxmlinvalid>   <w:ignoremixedcontent>false<\/w:ignoremixedcontent>   <w:alwaysshowplaceholdertext>false<\/w:alwaysshowplaceholdertext>   <w:compatibility>    <w:breakwrappedtables><\/w:breakwrappedtables>    <w:snaptogridincell><\/w:snaptogridincell>    <w:wraptextwithpunct><\/w:wraptextwithpunct>    <w:useasianbreakrules><\/w:useasianbreakrules>    <w:dontgrowautofit><\/w:dontgrowautofit>   <\/w:compatibility>   <w:browserlevel>MicrosoftInternetExplorer4<\/w:browserlevel>  <\/w:worddocument> <\/xml>< ![endif]--><!--[if gte mso 9]><xml>  <w:latentstyles DefLockedState=\"false\" LatentStyleCount=\"156\">  <\/w:latentstyles> <\/xml>< ![endif]--> <!--  \/* Style Definitions *\/  p.MsoNormal, li.MsoNormal, div.MsoNormal \t{mso-style-parent:\"\"; \tmargin:0cm; \tmargin-bottom:.0001pt; \tmso-pagination:widow-orphan; \tfont-size:12.0pt; \tfont-family:\"Times New Roman\"; \tmso-fareast-font-family:\"Times New Roman\";} @page Section1 \t{size:612.0pt 792.0pt; \tmargin:72.0pt 90.0pt 72.0pt 90.0pt; \tmso-header-margin:36.0pt; \tmso-footer-margin:36.0pt; \tmso-paper-source:0;} div.Section1 \t{page:Section1;} --> <!--[if gte mso 10]> \n\n<style>  \/* Style Definitions *\/  table.MsoNormalTable \t{mso-style-name:\"Table Normal\"; \tmso-tstyle-rowband-size:0; \tmso-tstyle-colband-size:0; \tmso-style-noshow:yes; \tmso-style-parent:\"\"; \tmso-padding-alt:0cm 5.4pt 0cm 5.4pt; \tmso-para-margin:0cm; \tmso-para-margin-bottom:.0001pt; \tmso-pagination:widow-orphan; \tfont-size:10.0pt; \tfont-family:\"Times New Roman\"; \tmso-ansi-language:#0400; \tmso-fareast-language:#0400; \tmso-bidi-language:#0400;} <\/style>\n\n < ![endif]-->Demonsko djelo. Jedno umiljato bi\u0107e, oteto je iz njegovog dvori&scaron;ta i pretu\u010deno &nbsp;na smrt motkama, kojima su dva mladi\u0107a krvni\u010dki udarala po njegovom malenom tijelu, koje se nije ni opiralo.   <\/p>\n<p style=\"text-align: justify\" class=\"MsoNormal\">Desilo se to u mojoj Gornjoj Gorici (prigradsko naselje Podgorice) u ulici Ivana Cankara.<\/p>\n<p style=\"text-align: justify\" class=\"MsoNormal\">Upla&scaron;ilo me je kazivanje mog brata i prenerazilo, da se danas doga\u0111a tako &scaron;ta. Prizvala sam iz sje\u0107anja djetinjstvo i sve one blage ljude, koji su tamo stanovali. Kakva li to bi\u0107a stanuju tamo danas? To bezopasno stvorenje, napala su dva mladi\u0107a u ve\u010dernjim satima, smrtno pretukla motkama i bacila u kontejner. Bio je to pas &scaron;naucer, kojeg su njegovi uku\u0107ani zvali &rsquo;Brko&rsquo;. A ti mladi\u0107i, to su njihove kom&scaron;ije. <\/p>\n<p style=\"text-align: justify\" class=\"MsoNormal\">\u010cesto se pitam,kakvi to ljudi \u017eive u na&scaron;em okru\u017eenju, s kakvim to demonima se susrije\u0107emo na ulici, pozdravljamo i razmjenjujemo osmijehe??? O \u010demu su ti mladi\u0107i slu&scaron;ali od svojih roditelja i &scaron;ta li su im u du&scaron;u to posijali? Pitam se jo&scaron; puno toga, a mjesto za odgovor ispunjava pusto&scaron; i tmina. &Scaron;ta li je u du&scaron;ama tih mladih stvorenja i kakvim su im to mrkim bojama obojene misli? <\/p>\n<p style=\"text-align: justify\" class=\"MsoNormal\">Ne znam koga vi&scaron;e da \u017ealim, nesre\u0107nog Brka ili ta dva stvorenja koja pripadaju ljudskoj rasi. Pitam se, da li im se vra\u0107aju slike mu\u010denja i njihovog demonskog pona&scaron;anja, koje su izlili nad tim bespomo\u0107nim bi\u0107em. Mladi\u0107i, na \u017ealost, imaju samo dvadesetak godina, a koli\u010dina zla koju su tim \u010dinom pokazali, se niti jednom poznatom mjerom ne mo\u017ee odrediti. Kolika li je negativnost u tim mladim ljudima, kad se ne mo\u017ee opisati, izvagati, premjeriti&#8230;?!<\/p>\n<p style=\"text-align: justify\" class=\"MsoNormal\">A porodica tog ku\u010denceta, mislila je da su njihovog umiljatog ljubimca, odveli neki mali&scaron;ani, kojima se pas dopao i koji je ljudima prilazio s povjerenjem i razdragano se igrao, naro\u010dito sa djecom. Ali, i pored gubitka Brka, ti ljudi, morali su jo&scaron; \u010duti kako je on zaista okon\u010dao \u017eivot u na&scaron;em, ljudsko-neljudskom svijetu. <\/p>\n","protected":false},"excerpt":{"rendered":"<p>Demonsko djelo. Jedno umiljato bi\u0107e, oteto je iz njegovog dvori\u0161ta i pretu\u010deno  na smrt motkama, kojima su dva mladi\u0107a krvni\u010dki udarala po njegovom malenom tijelu, koje se nije ni opiralo. <\/p>\n","protected":false},"author":255,"featured_media":0,"comment_status":"open","ping_status":"closed","sticky":false,"template":"","format":"standard","meta":{"_seopress_robots_primary_cat":"","_seopress_titles_title":"","_seopress_titles_desc":"","_seopress_robots_index":"","_et_pb_use_builder":"","_et_pb_old_content":"","_et_gb_content_width":"","inline_featured_image":false,"footnotes":""},"categories":[17],"tags":[],"class_list":["post-66326","post","type-post","status-publish","format-standard","hentry","category-blogovi"],"_links":{"self":[{"href":"https:\/\/www.pcnen.com\/portal\/wp-json\/wp\/v2\/posts\/66326","targetHints":{"allow":["GET"]}}],"collection":[{"href":"https:\/\/www.pcnen.com\/portal\/wp-json\/wp\/v2\/posts"}],"about":[{"href":"https:\/\/www.pcnen.com\/portal\/wp-json\/wp\/v2\/types\/post"}],"author":[{"embeddable":true,"href":"https:\/\/www.pcnen.com\/portal\/wp-json\/wp\/v2\/users\/255"}],"replies":[{"embeddable":true,"href":"https:\/\/www.pcnen.com\/portal\/wp-json\/wp\/v2\/comments?post=66326"}],"version-history":[{"count":0,"href":"https:\/\/www.pcnen.com\/portal\/wp-json\/wp\/v2\/posts\/66326\/revisions"}],"wp:attachment":[{"href":"https:\/\/www.pcnen.com\/portal\/wp-json\/wp\/v2\/media?parent=66326"}],"wp:term":[{"taxonomy":"category","embeddable":true,"href":"https:\/\/www.pcnen.com\/portal\/wp-json\/wp\/v2\/categories?post=66326"},{"taxonomy":"post_tag","embeddable":true,"href":"https:\/\/www.pcnen.com\/portal\/wp-json\/wp\/v2\/tags?post=66326"}],"curies":[{"name":"wp","href":"https:\/\/api.w.org\/{rel}","templated":true}]}}