{"id":64372,"date":"2011-10-22T22:11:57","date_gmt":"2011-10-22T20:11:57","guid":{"rendered":"http:\/\/www.pcnen.com\/portal\/?p=64372"},"modified":"2011-10-22T22:13:07","modified_gmt":"2011-10-22T20:13:07","slug":"ko-je-smislio-v-maskiranje-demonstranata","status":"publish","type":"post","link":"https:\/\/www.pcnen.com\/portal\/2011\/10\/22\/ko-je-smislio-v-maskiranje-demonstranata\/","title":{"rendered":"Ko je smislio V-maskiranje demonstranata?"},"content":{"rendered":"<p><a href=\"http:\/\/www.pcnen.com\/portal\/wp-content\/uploads\/2011\/10\/Vendeta.jpg\"><img loading=\"lazy\" decoding=\"async\" class=\"alignleft size-medium wp-image-64373\" title=\"Vendeta\" src=\"http:\/\/www.pcnen.com\/portal\/wp-content\/uploads\/2011\/10\/Vendeta-300x291.jpg\" alt=\"\" width=\"300\" height=\"291\" srcset=\"https:\/\/www.pcnen.com\/portal\/wp-content\/uploads\/2011\/10\/Vendeta-300x291.jpg 300w, https:\/\/www.pcnen.com\/portal\/wp-content\/uploads\/2011\/10\/Vendeta-50x50.jpg 50w, https:\/\/www.pcnen.com\/portal\/wp-content\/uploads\/2011\/10\/Vendeta-235x228.jpg 235w, https:\/\/www.pcnen.com\/portal\/wp-content\/uploads\/2011\/10\/Vendeta-75x72.jpg 75w, https:\/\/www.pcnen.com\/portal\/wp-content\/uploads\/2011\/10\/Vendeta-350x339.jpg 350w, https:\/\/www.pcnen.com\/portal\/wp-content\/uploads\/2011\/10\/Vendeta-220x213.jpg 220w, https:\/\/www.pcnen.com\/portal\/wp-content\/uploads\/2011\/10\/Vendeta.jpg 417w\" sizes=\"(max-width: 300px) 100vw, 300px\" \/><\/a>Maska kreirana za film &#8220;V kao vendeta&#8221; kao amblem protesta \u0161irom svijeta. &#8220;Ideja da V-maska bude politi\u010dki simbol je smije\u0161na&#8230; kao kad biste povjerovali da mo\u017eete da sru\u0161ite vladu uz pomo\u0107 svjetlosne sablje ili Hi-menovog ma\u010da&#8221;.<\/p>\n<p>Od Njujorka do Londona, od Sidneja do Kelna i Bukure\u0161ta, zlokobne maske iz filma &#8220;V kao vendeta&#8221; postale su amblem protesta protiv establi\u0161menta.<\/p>\n<p>Osniva\u010d &#8220;Vikiliksa&#8221; D\u017eulijan Asan\u017e pojavio se nedavno na protestu grupe &#8220;Okupirajte londonsku berzu&#8221; sa takvom maskom. Skinuo ju je, navodno, na insistiranje policije.<\/p>\n<p>Svako ko je gledao demonstracije protiv politi\u010dara, banaka ili finansijskih institucija \u0161irom svijeta uo\u010dio je detalj koji se ponavlja &#8211; stilizovanu masku po liku Gaja Foksa sa brkovima i \u0161picastom bradicom. Kako prenosi Bi-Bi-Si (BBC), pitanje je samo &#8211; ko stoji iza toga?<\/p>\n<p>Vjeruje se da su maske &#8211; osim obo\u017eavaoca filma &#8211; prvi koristili ozlogla\u0161eni hakeri-aktivisti iz grupe &#8220;Anonimni&#8221;, 2008. godine, tokom protesta protiv sajentologije, a maske su potom postale popularni rekvizit brojnih antikapitalisti\u010dkih protesta.<\/p>\n<p>Maske su kreirane za film iz 2006. godine &#8211; &#8220;V kao vendeta&#8221; &#8211; koji je ura\u0111en prema istoimenoj grafi\u010dkoj noveli: masku nosi enigmati\u010dni usamljeni anarhista koji se potpisuje jednostavnim &#8220;V&#8221;, a bori se protiv fiktivne fa\u0161isti\u010dke partije u Britaniji &#8211; po uzoru na Gaja Foksa, poznatog i kao Gvido Foks, koji je bio \u010duveni zavjerenik protiv engleskog kralja D\u017eejmsa, 1605. godine.<\/p>\n<p>Na samom po\u010detku novele, &#8220;V&#8221; uni\u0161tava Parlament tako \u0161to ga digne u vazduh. To je bila akcija koju je Foks planirao i nije uspio da izvr\u0161i 1605. godine. Foks je tada sa svojim sau\u010desnicima planirao &#8220;barutnu zavjeru&#8221; kao odgovor na tiraniju vlade pod D\u017eejmsom petim. Foks i zavjerenici su obje\u0161eni, a vlada je pre\u017eivjela.<\/p>\n<p>Autor novele Dejvid Lojd je stvorio originalni izgled maske za strip koji je napisao Alan Mur. Lojd je masku uporedio sa \u010duvenom fotografijom \u010ce Gevare koju je snimio Alberto Korda i koja je postala pomodni simbol mladih \u0161irom svijeta.<\/p>\n<p>&#8220;Maska Gaja Foksa postala je uobi\u010dajena i zgodna da se koristi u protestima protiv tiranije. Radujem se \u0161to je ljudi koriste, potpuno je originalno \u0161to se jedna ikona popularne kulture koristi na ovaj na\u010din\u201c, rekao je on.<\/p>\n<p>Zainteresovani Lojd je posjetio proteste grupe &#8220;Okupirajte Vol Strit&#8221; u Njujorku da bi vidio ljude koji nose njegovu masku.<\/p>\n<p>&#8220;Smatram da je grupi &#8216;Anonimni&#8217; bila potrebna multifunkcionalna predstava kako bi sakrila njihov identitet, a istovremeno simbolizovala njihovu individualnost &#8211; &#8216;V kao vendeta&#8217; je pri\u010da o borbi jedne osobe protiv sistema\u201c, primijetio je.<\/p>\n<p>Film &#8220;V kao vendeta&#8221; zavr\u0161ava se masovnim scenama u kojima gra\u0111ani Londona sa maskama Gaja Foksa nenaoru\u017eani mar\u0161iraju na parlament.<\/p>\n<p>Upravo je ta slika kolektivne identifikacije i simultane anonimnosti bila privla\u010dna &#8216;Anonimnima&#8217; i drugim grupama, smatra Rik D\u017eonston, komentator stripa.<\/p>\n<p>Rasprostranjenost maski, smatra on, reakcija je na film, a ne na novelu.<\/p>\n<p>&#8220;Knjiga je o \u010dovjeku koji ru\u0161i dr\u017eavu, ali se u filmu nalazi scena u kojoj gomila iznosi stav protiv bezli\u010dne korporacije. Maske su bile korisne za proteste protiv sajentologije jer su sprje\u010davale prepoznavanje&#8221;, rekao je on.<\/p>\n<p>Lojd tvrdi da su on i Mur, kada su stvarali lik &#8220;V&#8221;, na umu imali obi\u010dnog urbanog gerilca koji se bori protiv fa\u0161isti\u010dke diktature, ali su \u017eeljeli da ubace malo teatralnosti u pri\u010du.<\/p>\n<p>&#8220;Znali smo da \u0107e V pobje\u0107i iz koncentracionog logora gdje je bio podvrgnut medicinskih eksperimentima, ali sam potom dobio ideju da u tom njegovom ludilu on usvoji personu i misiju Gaja Foksa &#8211; na\u0161eg velikog istorijskog revolucionara&#8221;, rekao je Lojd.<\/p>\n<p>Maske su prvobitno napravljene za promociju filma i dijeljene su na projekcijama. Danas, kompanija &#8220;Rubis kostjumz&#8221;, koja proizvodi maske, proda oko 100.000 godi\u0161nje \u0161irom svijeta, a samo u Britaniji 16.000. Portparol kompanije ne brine previ\u0161e da bi veza sa aktivistima mogla da uti\u010de na imid\u017e kompanije.<\/p>\n<p>Kompanija odbacuje tvrdnje da su &#8220;Anonimni&#8221; i druge grupe izazvale pomamu za maskama i isti\u010de da je prodaja od premijere filma odli\u010dno i\u0161la.<\/p>\n<p>Lojd navodi i da je \u010duo anegdote da je ameri\u010dka policija tra\u017eila maske u ku\u0107ama kao dokaz da su umije\u0161ani u proteste &#8220;Anonimnih&#8221; \u0161to je, kako je rekao &#8220;stra\u0161no ali i smije\u0161no&#8221;: &#8220;Ne biste valjda progonili nekoga ko ima majicu sa likom \u010cea?&#8221;<\/p>\n<p>D\u017eonston je naveo i da je grupa obo\u017eavalaca filma &#8220;V kao vendeta&#8221; slu\u010dajno zalutala na proteste na Vol Stritu gdje ih je policija zamijenila za u\u010desnike protesta.<\/p>\n<p>Pol Stejns koji vodi popularan blog pod imenom Gvido Foks smatra da je ironi\u010dno da aktivisti koji se bore protiv kapitalizma i korporacija nenamjerno podr\u017eavaju filmsku kompaniju &#8220;Varner bros&#8221; koja je jedna od najve\u0107ih kompanija u Americi sa godi\u0161njim profitom od milijarde dolara.<\/p>\n<p>Stejns smatra da upotreba maski pokazuje &#8220;gubitak povjerenja u politiku &#8211; jer Gaj Foks je figura koja je najvi\u0161e antipoliti\u010dna&#8221;.<\/p>\n<p>Jedna od \u010dlanica \u2018Anonimnih\u2019je \u00a0rekla da ona i drugi koji protestuju ispred katedrale svetog Pavla u Londonu maske nose ne samo da bi sa\u010duvali identitet ve\u0107 i kao simbol borbe protiv korporativne pohlepe.<\/p>\n<p>&#8220;To je vizuelna stvar, ona nas odvaja od hipija i socijalista i daje nam na\u0161 identitet. Mi \u017eelimo da &#8216;bajpasujemo&#8217; vlade i po\u010dnemo od nule\u201c, rekla je.<\/p>\n<p>D\u017eonston smatra da je maska u osnovi nasilna predstava. &#8220;To nije simbol pasivnog otpora ve\u0107 aktivnog terorizma. Rije\u010d je o ru\u0161enju vlade i zemlje i to mo\u017ee da bude zastra\u0161uju\u0107e i da odbije ljude&#8221;, smatra on.<\/p>\n<p>Ideja da V-maska bude politi\u010dki simbol je smije\u0161na. To je isto kao kada biste povjerovali da mo\u017eete da sru\u0161ite vladu uz pomo\u0107 svetlosne sablje ili Hi-menovog ma\u010da, zaklju\u010dio je on.<em><strong> (Tanjug)<\/strong><\/em><\/p>\n","protected":false},"excerpt":{"rendered":"<p>Ideja da V-maska bude politi\u010dki simbol je smije\u0161na. To je isto kao kada biste povjerovali da mo\u017eete da sru\u0161ite vladu uz pomo\u0107 svetlosne sablje ili Hi-menovog ma\u010da.<\/p>\n","protected":false},"author":1,"featured_media":64373,"comment_status":"open","ping_status":"closed","sticky":false,"template":"","format":"standard","meta":{"_seopress_robots_primary_cat":"","_seopress_titles_title":"","_seopress_titles_desc":"","_seopress_robots_index":"","_et_pb_use_builder":"","_et_pb_old_content":"","_et_gb_content_width":"","inline_featured_image":false,"footnotes":""},"categories":[8],"tags":[],"class_list":["post-64372","post","type-post","status-publish","format-standard","has-post-thumbnail","hentry","category-svastara"],"_links":{"self":[{"href":"https:\/\/www.pcnen.com\/portal\/wp-json\/wp\/v2\/posts\/64372","targetHints":{"allow":["GET"]}}],"collection":[{"href":"https:\/\/www.pcnen.com\/portal\/wp-json\/wp\/v2\/posts"}],"about":[{"href":"https:\/\/www.pcnen.com\/portal\/wp-json\/wp\/v2\/types\/post"}],"author":[{"embeddable":true,"href":"https:\/\/www.pcnen.com\/portal\/wp-json\/wp\/v2\/users\/1"}],"replies":[{"embeddable":true,"href":"https:\/\/www.pcnen.com\/portal\/wp-json\/wp\/v2\/comments?post=64372"}],"version-history":[{"count":0,"href":"https:\/\/www.pcnen.com\/portal\/wp-json\/wp\/v2\/posts\/64372\/revisions"}],"wp:featuredmedia":[{"embeddable":true,"href":"https:\/\/www.pcnen.com\/portal\/wp-json\/wp\/v2\/media\/64373"}],"wp:attachment":[{"href":"https:\/\/www.pcnen.com\/portal\/wp-json\/wp\/v2\/media?parent=64372"}],"wp:term":[{"taxonomy":"category","embeddable":true,"href":"https:\/\/www.pcnen.com\/portal\/wp-json\/wp\/v2\/categories?post=64372"},{"taxonomy":"post_tag","embeddable":true,"href":"https:\/\/www.pcnen.com\/portal\/wp-json\/wp\/v2\/tags?post=64372"}],"curies":[{"name":"wp","href":"https:\/\/api.w.org\/{rel}","templated":true}]}}