{"id":63420,"date":"2011-10-13T09:03:01","date_gmt":"2011-10-13T07:03:01","guid":{"rendered":"http:\/\/www.pcnen.com\/portal\/?p=63420"},"modified":"2011-10-13T09:03:01","modified_gmt":"2011-10-13T07:03:01","slug":"sadamova-bronzana-zadnjica-na-aukciji","status":"publish","type":"post","link":"https:\/\/www.pcnen.com\/portal\/2011\/10\/13\/sadamova-bronzana-zadnjica-na-aukciji\/","title":{"rendered":"Sadamova bronzana zadnjica na aukciji"},"content":{"rendered":"<p><a href=\"http:\/\/www.pcnen.com\/portal\/wp-content\/uploads\/2011\/10\/sadam2.jpg\"><img loading=\"lazy\" decoding=\"async\" class=\"alignleft size-full wp-image-63421\" title=\"sadam2\" src=\"http:\/\/www.pcnen.com\/portal\/wp-content\/uploads\/2011\/10\/sadam2.jpg\" alt=\"\" width=\"250\" height=\"150\" \/><\/a>Zadnjica sa bronzane statue biv\u0161eg ira\u010dkog dikatatora Sadama Huseina, koja je sru\u0161ena u Bagdadu nakon invazije ameri\u010dkih trupa 2003, na\u0107i \u0107e se uskoro na aukciji.<\/p>\n<p>Ovo &#8220;par\u010de istorije&#8221;, dugo 60-ak centimetara, na licitaciju je stavio biv\u0161i britanski vojnik Najd\u017eel Eli koji ga je uzeo neposredno nakon \u0161to su ameri\u010dki marinci sru\u0161ili statuu u akciji koju je televizija prenosila u\u017eivo.<\/p>\n<p>On je ispri\u010dao da su mu marinci dozvolili da pomo\u0107u \u010deki\u0107a i poluge odlomi diktatorovu zadnjicu i ponese je ku\u0107i.<\/p>\n<p>Eli je morao da plati vi\u0161e od 600 eura za prekomjernu te\u017einu prtljaga kako bi svoj jedinstveni suvenir donio avionom u Veliku Britaniju.<\/p>\n<p>U aukcijskoj ku\u0107i Hensons navode da bi to &#8220;par\u010de moderne istorije&#8221; mogao da dostigne cijenu od 10.000 funti.<\/p>\n<p>&#8220;Trebalo bi da privu\u010de kako vojne tako i umjetni\u010dke kolekcionare, ali i sve one koji se interesuju za glavne doga\u0111aje koji su oblikovali svijet u kojem danas \u017eivimo&#8221;, kazao je za AFP predstavnik Hensonsa koji je aukciju zakazao za 27. oktobar.<\/p>\n","protected":false},"excerpt":{"rendered":"<p>Zadnjica sa bronzane statue biv\u0161eg ira\u010dkog dikatatora Sadama Huseina, koja je sru\u0161ena u Bagdadu nakon invazije ameri\u010dkih trupa 2003, na\u0107i \u0107e se uskoro na aukciji. Ovo &#8220;par\u010de istorije&#8221;, dugo 60-ak centimetara, na licitaciju je stavio biv\u0161i britanski vojnik Najd\u017eel Eli koji ga je uzeo neposredno nakon \u0161to su ameri\u010dki marinci sru\u0161ili statuu u akciji koju [&hellip;]<\/p>\n","protected":false},"author":1,"featured_media":0,"comment_status":"open","ping_status":"closed","sticky":false,"template":"","format":"standard","meta":{"_seopress_robots_primary_cat":"","_seopress_titles_title":"","_seopress_titles_desc":"","_seopress_robots_index":"","_et_pb_use_builder":"","_et_pb_old_content":"","_et_gb_content_width":"","inline_featured_image":false,"footnotes":""},"categories":[9],"tags":[],"class_list":["post-63420","post","type-post","status-publish","format-standard","hentry","category-zanimljivosti"],"_links":{"self":[{"href":"https:\/\/www.pcnen.com\/portal\/wp-json\/wp\/v2\/posts\/63420","targetHints":{"allow":["GET"]}}],"collection":[{"href":"https:\/\/www.pcnen.com\/portal\/wp-json\/wp\/v2\/posts"}],"about":[{"href":"https:\/\/www.pcnen.com\/portal\/wp-json\/wp\/v2\/types\/post"}],"author":[{"embeddable":true,"href":"https:\/\/www.pcnen.com\/portal\/wp-json\/wp\/v2\/users\/1"}],"replies":[{"embeddable":true,"href":"https:\/\/www.pcnen.com\/portal\/wp-json\/wp\/v2\/comments?post=63420"}],"version-history":[{"count":0,"href":"https:\/\/www.pcnen.com\/portal\/wp-json\/wp\/v2\/posts\/63420\/revisions"}],"wp:attachment":[{"href":"https:\/\/www.pcnen.com\/portal\/wp-json\/wp\/v2\/media?parent=63420"}],"wp:term":[{"taxonomy":"category","embeddable":true,"href":"https:\/\/www.pcnen.com\/portal\/wp-json\/wp\/v2\/categories?post=63420"},{"taxonomy":"post_tag","embeddable":true,"href":"https:\/\/www.pcnen.com\/portal\/wp-json\/wp\/v2\/tags?post=63420"}],"curies":[{"name":"wp","href":"https:\/\/api.w.org\/{rel}","templated":true}]}}