{"id":63334,"date":"2011-10-12T11:43:41","date_gmt":"2011-10-12T09:43:41","guid":{"rendered":"http:\/\/www.pcnen.com\/portal\/?p=63334"},"modified":"2011-10-12T11:43:41","modified_gmt":"2011-10-12T09:43:41","slug":"francuzi-i-svajcarci-rijetko-mijenjaju-carape","status":"publish","type":"post","link":"https:\/\/www.pcnen.com\/portal\/2011\/10\/12\/francuzi-i-svajcarci-rijetko-mijenjaju-carape\/","title":{"rendered":"Francuzi i \u0160vajcarci rijetko mijenjaju \u010darape"},"content":{"rendered":"<p><a href=\"http:\/\/www.pcnen.com\/portal\/wp-content\/uploads\/2011\/10\/carape.jpeg\"><img loading=\"lazy\" decoding=\"async\" class=\"alignleft size-full wp-image-63335\" title=\"carape\" src=\"http:\/\/www.pcnen.com\/portal\/wp-content\/uploads\/2011\/10\/carape.jpeg\" alt=\"\" width=\"250\" height=\"150\" \/><\/a>Istra\u017eivanje \u0161vajcarske kompanije &#8220;Bleksoks&#8221;, kojim je obuhva\u0107eno 3.000 ljudi iz \u0161est evropskih zemalja, pokazalo je da \u010dak 66 odsto mu\u0161karaca u Francuskoj ne mijenja svaki dan \u010darape, kao i sedam od deset \u0160vajcaraca.<\/p>\n<p>Na drugom kraju ove &#8220;higijenske&#8221; skale, su Njemci i Britanci, od kojih 78 odsto svaki dan obuva \u010diste \u010darape. Kako prenosi AFP, 77 odsto \u017eena i mu\u0161karaca reklo je da svaki dan mijenja \u010darape, dok 11 odsto to \u010dini svaki drugi dan.<\/p>\n<p>\u010cetiri odsto ispitanika je priznalo da promeni \u010darape jednom u tri dana, a jedan odsto samo jednom nedjeljno.<\/p>\n<p>Istra\u017eiva\u010di navode da bi u\u010destalost mijenjanja \u010darapa mogla da zavisi od broja \u010darapa koji pojedinac imaju.<\/p>\n<p>Tako Njemci, na primer, imaju najve\u0107i broj \u010darapa &#8211; 24 para u prosjeku, Austrijanci (23) i \u0160vajcarci (22).<\/p>\n<p>Francuzi imaju najmanji broj \u010darapa &#8211; svega 17 pari u prosjeku, \u0161to bi moglo da objasni za\u0161to jedne \u010darape nose du\u017ee od stanovnika drugih zemalja, navode istra\u017eiva\u010di.<\/p>\n","protected":false},"excerpt":{"rendered":"<p>Istra\u017eivanje \u0161vajcarske kompanije &#8220;Bleksoks&#8221;, kojim je obuhva\u0107eno 3.000 ljudi iz \u0161est evropskih zemalja, pokazalo je da \u010dak 66 odsto mu\u0161karaca u Francuskoj ne mijenja svaki dan \u010darape, kao i sedam od deset \u0160vajcaraca. Na drugom kraju ove &#8220;higijenske&#8221; skale, su Njemci i Britanci, od kojih 78 odsto svaki dan obuva \u010diste \u010darape. Kako prenosi AFP, [&hellip;]<\/p>\n","protected":false},"author":1,"featured_media":0,"comment_status":"open","ping_status":"closed","sticky":false,"template":"","format":"standard","meta":{"_seopress_robots_primary_cat":"","_seopress_titles_title":"","_seopress_titles_desc":"","_seopress_robots_index":"","_et_pb_use_builder":"","_et_pb_old_content":"","_et_gb_content_width":"","inline_featured_image":false,"footnotes":""},"categories":[9],"tags":[],"class_list":["post-63334","post","type-post","status-publish","format-standard","hentry","category-zanimljivosti"],"_links":{"self":[{"href":"https:\/\/www.pcnen.com\/portal\/wp-json\/wp\/v2\/posts\/63334","targetHints":{"allow":["GET"]}}],"collection":[{"href":"https:\/\/www.pcnen.com\/portal\/wp-json\/wp\/v2\/posts"}],"about":[{"href":"https:\/\/www.pcnen.com\/portal\/wp-json\/wp\/v2\/types\/post"}],"author":[{"embeddable":true,"href":"https:\/\/www.pcnen.com\/portal\/wp-json\/wp\/v2\/users\/1"}],"replies":[{"embeddable":true,"href":"https:\/\/www.pcnen.com\/portal\/wp-json\/wp\/v2\/comments?post=63334"}],"version-history":[{"count":0,"href":"https:\/\/www.pcnen.com\/portal\/wp-json\/wp\/v2\/posts\/63334\/revisions"}],"wp:attachment":[{"href":"https:\/\/www.pcnen.com\/portal\/wp-json\/wp\/v2\/media?parent=63334"}],"wp:term":[{"taxonomy":"category","embeddable":true,"href":"https:\/\/www.pcnen.com\/portal\/wp-json\/wp\/v2\/categories?post=63334"},{"taxonomy":"post_tag","embeddable":true,"href":"https:\/\/www.pcnen.com\/portal\/wp-json\/wp\/v2\/tags?post=63334"}],"curies":[{"name":"wp","href":"https:\/\/api.w.org\/{rel}","templated":true}]}}