{"id":63194,"date":"2011-10-11T09:33:02","date_gmt":"2011-10-11T07:33:02","guid":{"rendered":"http:\/\/www.pcnen.com\/portal\/?p=63194"},"modified":"2011-10-11T09:37:46","modified_gmt":"2011-10-11T07:37:46","slug":"detaljan-opis-vlastite-smrti","status":"publish","type":"post","link":"https:\/\/www.pcnen.com\/portal\/2011\/10\/11\/detaljan-opis-vlastite-smrti\/","title":{"rendered":"Detaljan opis vlastite smrti"},"content":{"rendered":"<p><a href=\"http:\/\/www.pcnen.com\/portal\/wp-content\/uploads\/2011\/10\/Mikey-Welsh.jpeg\"><img loading=\"lazy\" decoding=\"async\" class=\"alignleft size-full wp-image-63195\" title=\"Mikey Welsh\" src=\"http:\/\/www.pcnen.com\/portal\/wp-content\/uploads\/2011\/10\/Mikey-Welsh.jpeg\" alt=\"\" width=\"299\" height=\"168\" srcset=\"https:\/\/www.pcnen.com\/portal\/wp-content\/uploads\/2011\/10\/Mikey-Welsh.jpeg 299w, https:\/\/www.pcnen.com\/portal\/wp-content\/uploads\/2011\/10\/Mikey-Welsh-235x132.jpg 235w, https:\/\/www.pcnen.com\/portal\/wp-content\/uploads\/2011\/10\/Mikey-Welsh-202x114.jpg 202w, https:\/\/www.pcnen.com\/portal\/wp-content\/uploads\/2011\/10\/Mikey-Welsh-75x42.jpg 75w, https:\/\/www.pcnen.com\/portal\/wp-content\/uploads\/2011\/10\/Mikey-Welsh-220x123.jpg 220w, https:\/\/www.pcnen.com\/portal\/wp-content\/uploads\/2011\/10\/Mikey-Welsh-237x132.jpg 237w\" sizes=\"(max-width: 299px) 100vw, 299px\" \/><\/a>Biv\u0161i basista ameri\u010dke power-pop grupe <em>Weezer <\/em>Mikey Welsh u nedjelju 9. oktobra je prona\u0111en mrtav u hotelskoj sobi u \u010cikagu.<\/p>\n<p>Svoju smrt predskazao je i detaljno opisao na Twitteru 26. septembra.<\/p>\n<p>On je napisao da je sanjao da \u0107e idu\u0107eg vikenda preminuti u \u010cikagu od sr\u010danog udara, a zatim se ispravio i dodao da \u0107e umrijeti nedjelju dana kasnije.<\/p>\n<p>Uzrok smrti jo\u0161 nije objavljen, a pretpostavlja se da se muzi\u010dara predozirao narkoticima.<\/p>\n","protected":false},"excerpt":{"rendered":"<p>Biv\u0161i basista ameri\u010dke power-pop grupe Weezer Mikey Welsh u nedjelju 9. oktobra je prona\u0111en mrtav u hotelskoj sobi u \u010cikagu. Svoju smrt predskazao je i detaljno opisao na Twitteru 26. septembra. On je napisao da je sanjao da \u0107e idu\u0107eg vikenda preminuti u \u010cikagu od sr\u010danog udara, a zatim se ispravio i dodao da \u0107e [&hellip;]<\/p>\n","protected":false},"author":1,"featured_media":63195,"comment_status":"open","ping_status":"closed","sticky":false,"template":"","format":"standard","meta":{"_seopress_robots_primary_cat":"","_seopress_titles_title":"","_seopress_titles_desc":"","_seopress_robots_index":"","_et_pb_use_builder":"","_et_pb_old_content":"","_et_gb_content_width":"","inline_featured_image":false,"footnotes":""},"categories":[9],"tags":[],"class_list":["post-63194","post","type-post","status-publish","format-standard","has-post-thumbnail","hentry","category-zanimljivosti"],"_links":{"self":[{"href":"https:\/\/www.pcnen.com\/portal\/wp-json\/wp\/v2\/posts\/63194","targetHints":{"allow":["GET"]}}],"collection":[{"href":"https:\/\/www.pcnen.com\/portal\/wp-json\/wp\/v2\/posts"}],"about":[{"href":"https:\/\/www.pcnen.com\/portal\/wp-json\/wp\/v2\/types\/post"}],"author":[{"embeddable":true,"href":"https:\/\/www.pcnen.com\/portal\/wp-json\/wp\/v2\/users\/1"}],"replies":[{"embeddable":true,"href":"https:\/\/www.pcnen.com\/portal\/wp-json\/wp\/v2\/comments?post=63194"}],"version-history":[{"count":0,"href":"https:\/\/www.pcnen.com\/portal\/wp-json\/wp\/v2\/posts\/63194\/revisions"}],"wp:featuredmedia":[{"embeddable":true,"href":"https:\/\/www.pcnen.com\/portal\/wp-json\/wp\/v2\/media\/63195"}],"wp:attachment":[{"href":"https:\/\/www.pcnen.com\/portal\/wp-json\/wp\/v2\/media?parent=63194"}],"wp:term":[{"taxonomy":"category","embeddable":true,"href":"https:\/\/www.pcnen.com\/portal\/wp-json\/wp\/v2\/categories?post=63194"},{"taxonomy":"post_tag","embeddable":true,"href":"https:\/\/www.pcnen.com\/portal\/wp-json\/wp\/v2\/tags?post=63194"}],"curies":[{"name":"wp","href":"https:\/\/api.w.org\/{rel}","templated":true}]}}