{"id":62747,"date":"2011-10-07T09:46:03","date_gmt":"2011-10-07T07:46:03","guid":{"rendered":"http:\/\/www.pcnen.com\/portal\/?p=62747"},"modified":"2011-10-07T09:46:03","modified_gmt":"2011-10-07T07:46:03","slug":"kisa-i-snijeg-za-vikend","status":"publish","type":"post","link":"https:\/\/www.pcnen.com\/portal\/2011\/10\/07\/kisa-i-snijeg-za-vikend\/","title":{"rendered":"Ki\u0161a i snijeg za vikend"},"content":{"rendered":"<p><a href=\"http:\/\/www.pcnen.com\/portal\/wp-content\/uploads\/2011\/10\/vrijeme-ilustracija.jpeg\"><img loading=\"lazy\" decoding=\"async\" class=\"alignleft size-full wp-image-62748\" title=\"vrijeme, ilustracija\" src=\"http:\/\/www.pcnen.com\/portal\/wp-content\/uploads\/2011\/10\/vrijeme-ilustracija.jpeg\" alt=\"\" width=\"259\" height=\"194\" \/><\/a>Metereolozi najavljuju za danas u Crnoj Gori promjenljivo obla\u010dno vrijeme i ki\u0161u mjestimi\u010dno, koja \u0107e \u0107e se ponegdje izlivati kao pljusak i biti pra\u0107ena grmljavinom. Intenzivnije padavine se o\u010dekuju krajem dana i tokom no\u0107i, a za vjetar se ka\u017ee da \u0107e duvati sa juga i biti umjeren do jak.<\/p>\n<p>Najvi\u0161a dnevna temperatura vazduha kreta\u0107e se od 14 do 25 stepeni.<\/p>\n<p>U prognozi za pomorce se upozorana na mjestimi\u010dne udare ju\u017enog i jugoisto\u010dnog vjetra od 25 do 35 \u010dvorova tokom naredne no\u0107i i sjutra. More \u0107e biti umjereno talasasto do talasasto.<\/p>\n<p>\u0160to se ti\u010de izgleda vremena za vikend, metereolozi najavljuju umjereno do potpuno obla\u010dno vrijeme za subotu, povremenu ki\u0161u u ni\u017eim, a susnje\u017eicu i snijeg u vi\u0161im planinskim predjelima na sjeveru Crne Gore. U nedjelju \u0107e na jugu biti vjetrovito, uz djelimi\u010dno razvedravanje, a na sjeveru prete\u017eno obla\u010dno, povremeno sa slabim padavinama.<\/p>\n<p>Nakon vikenda, u ponedjeljak i utorak, bi\u0107e, uglavnom, malo do umjereno obla\u010dno sa sun\u010danim intervalima.<\/p>\n","protected":false},"excerpt":{"rendered":"<p>Metereolozi najavljuju za danas u Crnoj Gori promjenljivo obla\u010dno vrijeme i ki\u0161u mjestimi\u010dno, koja \u0107e \u0107e se ponegdje izlivati kao pljusak i biti pra\u0107ena grmljavinom. Intenzivnije padavine se o\u010dekuju krajem dana i tokom no\u0107i, a za vjetar se ka\u017ee da \u0107e duvati sa juga i biti umjeren do jak. Najvi\u0161a dnevna temperatura vazduha kreta\u0107e se [&hellip;]<\/p>\n","protected":false},"author":1,"featured_media":0,"comment_status":"open","ping_status":"closed","sticky":false,"template":"","format":"standard","meta":{"_seopress_robots_primary_cat":"","_seopress_titles_title":"","_seopress_titles_desc":"","_seopress_robots_index":"","_et_pb_use_builder":"","_et_pb_old_content":"","_et_gb_content_width":"","inline_featured_image":false,"footnotes":""},"categories":[14],"tags":[],"class_list":["post-62747","post","type-post","status-publish","format-standard","hentry","category-vijesti"],"_links":{"self":[{"href":"https:\/\/www.pcnen.com\/portal\/wp-json\/wp\/v2\/posts\/62747","targetHints":{"allow":["GET"]}}],"collection":[{"href":"https:\/\/www.pcnen.com\/portal\/wp-json\/wp\/v2\/posts"}],"about":[{"href":"https:\/\/www.pcnen.com\/portal\/wp-json\/wp\/v2\/types\/post"}],"author":[{"embeddable":true,"href":"https:\/\/www.pcnen.com\/portal\/wp-json\/wp\/v2\/users\/1"}],"replies":[{"embeddable":true,"href":"https:\/\/www.pcnen.com\/portal\/wp-json\/wp\/v2\/comments?post=62747"}],"version-history":[{"count":0,"href":"https:\/\/www.pcnen.com\/portal\/wp-json\/wp\/v2\/posts\/62747\/revisions"}],"wp:attachment":[{"href":"https:\/\/www.pcnen.com\/portal\/wp-json\/wp\/v2\/media?parent=62747"}],"wp:term":[{"taxonomy":"category","embeddable":true,"href":"https:\/\/www.pcnen.com\/portal\/wp-json\/wp\/v2\/categories?post=62747"},{"taxonomy":"post_tag","embeddable":true,"href":"https:\/\/www.pcnen.com\/portal\/wp-json\/wp\/v2\/tags?post=62747"}],"curies":[{"name":"wp","href":"https:\/\/api.w.org\/{rel}","templated":true}]}}