{"id":62627,"date":"2011-10-06T09:55:31","date_gmt":"2011-10-06T07:55:31","guid":{"rendered":"http:\/\/www.pcnen.com\/portal\/?p=62627"},"modified":"2011-10-06T09:55:31","modified_gmt":"2011-10-06T07:55:31","slug":"makedonija-se-i-jutros-ljuljala","status":"publish","type":"post","link":"https:\/\/www.pcnen.com\/portal\/2011\/10\/06\/makedonija-se-i-jutros-ljuljala\/","title":{"rendered":"Makedonija se i jutros ljuljala"},"content":{"rendered":"<p>U ju\u017enom dijelu Makedonije rano jutros registrovan je zemljotres ja\u010dine 3,5 stepeni po Rihterovoj skali koji nije izazvao materijalnu \u0161tetu.<\/p>\n<p>Epicentar zemljotresa bio je u rejonu Valandova, a registrovan je u 3.55 sati, saop\u0161teno je iz Euro-mediteranskog seizmolo\u0161kog centra.<\/p>\n<p>Osim u Makedoniji, zemljotres se osjetio i u sjevernoj Gr\u010dkoj.<\/p>\n<p>Makedonski mediji javili su da je zemljotres izazvao uznemirenje gra\u0111ana u ju\u017enom dijelu Republike.<\/p>\n","protected":false},"excerpt":{"rendered":"<p>U ju\u017enom dijelu Makedonije rano jutros registrovan je zemljotres ja\u010dine 3,5 stepeni po Rihterovoj skali koji nije izazvao materijalnu \u0161tetu. Epicentar zemljotresa bio je u rejonu Valandova, a registrovan je u 3.55 sati, saop\u0161teno je iz Euro-mediteranskog seizmolo\u0161kog centra. Osim u Makedoniji, zemljotres se osjetio i u sjevernoj Gr\u010dkoj. Makedonski mediji javili su da je [&hellip;]<\/p>\n","protected":false},"author":1,"featured_media":0,"comment_status":"open","ping_status":"closed","sticky":false,"template":"","format":"standard","meta":{"_seopress_robots_primary_cat":"","_seopress_titles_title":"","_seopress_titles_desc":"","_seopress_robots_index":"","_et_pb_use_builder":"","_et_pb_old_content":"","_et_gb_content_width":"","inline_featured_image":false,"footnotes":""},"categories":[14],"tags":[],"class_list":["post-62627","post","type-post","status-publish","format-standard","hentry","category-vijesti"],"_links":{"self":[{"href":"https:\/\/www.pcnen.com\/portal\/wp-json\/wp\/v2\/posts\/62627","targetHints":{"allow":["GET"]}}],"collection":[{"href":"https:\/\/www.pcnen.com\/portal\/wp-json\/wp\/v2\/posts"}],"about":[{"href":"https:\/\/www.pcnen.com\/portal\/wp-json\/wp\/v2\/types\/post"}],"author":[{"embeddable":true,"href":"https:\/\/www.pcnen.com\/portal\/wp-json\/wp\/v2\/users\/1"}],"replies":[{"embeddable":true,"href":"https:\/\/www.pcnen.com\/portal\/wp-json\/wp\/v2\/comments?post=62627"}],"version-history":[{"count":0,"href":"https:\/\/www.pcnen.com\/portal\/wp-json\/wp\/v2\/posts\/62627\/revisions"}],"wp:attachment":[{"href":"https:\/\/www.pcnen.com\/portal\/wp-json\/wp\/v2\/media?parent=62627"}],"wp:term":[{"taxonomy":"category","embeddable":true,"href":"https:\/\/www.pcnen.com\/portal\/wp-json\/wp\/v2\/categories?post=62627"},{"taxonomy":"post_tag","embeddable":true,"href":"https:\/\/www.pcnen.com\/portal\/wp-json\/wp\/v2\/tags?post=62627"}],"curies":[{"name":"wp","href":"https:\/\/api.w.org\/{rel}","templated":true}]}}