{"id":62500,"date":"2011-10-05T08:11:12","date_gmt":"2011-10-05T06:11:12","guid":{"rendered":"http:\/\/www.pcnen.com\/portal\/?p=62500"},"modified":"2011-10-05T08:11:12","modified_gmt":"2011-10-05T06:11:12","slug":"parada-hajde-da-kosovarimo-zajedno","status":"publish","type":"post","link":"https:\/\/www.pcnen.com\/portal\/2011\/10\/05\/parada-hajde-da-kosovarimo-zajedno\/","title":{"rendered":"Parada &#8211; hajde da kosovarimo zajedno"},"content":{"rendered":"<p>P<a href=\"http:\/\/www.pcnen.com\/portal\/wp-content\/uploads\/2011\/10\/Kosovo-ili-Parada.jpeg\"><img loading=\"lazy\" decoding=\"async\" class=\"alignleft size-full wp-image-62501\" title=\"Kosovo ili Parada\" src=\"http:\/\/www.pcnen.com\/portal\/wp-content\/uploads\/2011\/10\/Kosovo-ili-Parada.jpeg\" alt=\"\" width=\"259\" height=\"194\" \/><\/a>i\u0161e: Alan <strong>PEJKOVI\u0106\u00a0\u00a0<\/strong><\/p>\n<p>U moru apsurdnosti u kojima se Majka Serbia redovito valju\u0161ka jer je pod konstantnim udarom sila Novog Svetskog Poretka i nezadr\u017eivih naleta mud\u017eahedinsko-ameri\u010dkih chemtrailsa, u posljednje vrijeme se sve vi\u0161e kristalizira sasvim posebna kategorija, naime, proma\u0161ene historijske \u0161anse. Tako je bilo kad je uhva\u0107en jedan Otac Zdrave Porodice, u narodu poznatiji kao Ratko M. Boris zvani Lepi je u\u010dinio sve \u0161to je mogao da, nakon \u0161to je ipak morao da uhvati istoimenog zlo\u010dinca, umanji politi\u010dki efekat tog \u010dina i zapravo onemogu\u0107i sasvim realan korak ka dubinskom pomirenju koje je karakterno znatno druga\u010dije od forsiranog troprstog pomirenja. Raspored bora na Botinom licu je, svjesno oli nesvjesno, podilazio nacionalisti\u010dkim strukturama svojim rasporedom. Istina, to nisu budu\u0107i glasa\u010di DS-a ali Bota voli da \u017eivi u uvjerenju da jesu. Svako od nas ima svoje mu\u0161ice.<\/p>\n<p>I ovaj put je Predsjednik, ina\u010de miljenik regionalnih pisaca koji bi da se prodaju naveliko u zemlji Srbiji, sve u duhu kulture dijaloga, poklekao u svom konstantnom vaganju izme\u0111u sasvim nejasnih vizija te iste Srbije. Ba\u0161 u tom \u0161to Srbija jeste u te\u0161koj poziciji na mnogim frontovima je le\u017eala prilika za dobro organizovanu gay paradu kojom bi se pokazalo svima kojima je stalo do ljudskih prava da kvalitet istih u postojbini Srba ipak raste. I opet \u0107orak. Zaglu\u0161uju\u0107i. Ina\u010de, imam okorjelo srce prepuno brazda razli\u010ditih veli\u010dina, ali ovaj put se to srce jednostavno rastopilo pred tu\u017enom pri\u010dom Srbije kojoj, eto, nije do Parade. Toliko nacionalnih poni\u017eenja izazvanih, zamislite, napadima Srbije na svoje kom\u0161ije i susjede, toliko pristojnosti ispod huliganskih kukuljica, koje nikako da dobiju dovoljno medijskog prostora, toliko jada koje prosje\u010dan Srbin, sa jednom \u017eenom koju tu i tamo o\u0161amari tek da se zna \u0161ta je to patrijarhat, i dvoje djece, koje redovno bije u svrhu utjerivanja tradicionalnih vrijednosti, mora da podnese jer su ti neki gayevi htjeli da pro\u0161etaju nekoliko stotina metara. Nekoliko stotina metara. Ako Srbija dobije prvoklasnog sprintera na kratke staze, a ovaj iza\u0111e u javnost sa svojom homoseksualnom orijentacijom, ho\u0107e li doti\u010dni smjeti tr\u010dati na 100 metara pod zastavom Srbije? Ili \u0107e to i dalje vrije\u0111ati o\u010di divnih, tradicionalnih, visokomoralnih glava porodica bez obzira \u0161to bi taj sprinter osvajao medalje za Majku Serbiu? Jadna je zemlja u kojoj je zabrana gay parade i njeno izjedna\u010davanje sa \u0161etnjama u kojima \u0107e u\u010destvovati Bora \u010corba, svjetski priznat simbol tradicionalnih vrijednosti, samo jedna predizborna strategija jedne stranke koja sa demokratskim svjetonazorom ima veze koliko je i Milo\u0161evi\u0107 imao sa tim da je u jednom trenutku burnih ratnih vremena progla\u0161en faktorom mira.<\/p>\n<p>Slu\u0161ati Dragana \u0110ilasa, bliskog Botinog drugara, je uvijek nesvakida\u0161nji praznik za u\u0161i. Sad znamo da Gradona\u010delnik ima nekoliko drugara homosa, (sigurno ima i Roma) kojima je, eto nesre\u0107e puste, \u017eivot ugro\u017een ba\u0161 u te dane oko same Parade (ina\u010de divno \u017eive). Ne mogu ljudi ba\u0161 u te dane da iza\u0111u na ulicu jer im je Parada naru\u0161ila sigurnost. Sad znamo da je iskrenost najbitnija u \u017eivotu pa makar to bio i \u010dist iskreni fa\u0161izam. Sve nam je to re\u010deno u maniru prvoklasne beogradske fakinerije, na na\u010din koji ne dozvoljava sumnju u ovaj utemeljeni i sasvim promi\u0161ljeni stav. Kada se tome doda \u010ditava serija Da\u010di\u0107evih izjava posljednjih dana, jedne lu\u0111e od druge, vjerovatno ni heteroseksualcima uskoro ne\u0107e vi\u0161e biti do ispoljavanja bilo \u010dega. U jednom sumanutom momentu, Pistolero Da\u010di\u0107 tako, zasigurno beskrajno zabavljaju\u0107i sam sebe, ka\u017ee: &#8220;Bilo bi lepo da se u Pri\u0161tini odr\u017ei gej parada, ona je trenutno najomiljeniji prostor Evrope&#8221;. Ta\u010dno, bilo bi. Isto tako bi bilo lijepo da u vladi Srbije nema po\u0161tovalaca Milo\u0161evi\u0107evog lika i djela, ali \u017eivot je surov. I mnoge stvari nisu ba\u0161 onakve kako bismo mi to \u017eeljeli. Ali one koje su definirane zakonski, bi trebale biti takve, \u010disto zbog funkcioniranja dr\u017eave. A mo\u017eda je Pistolero zapravo anarhist u du\u0161i pa ne daje puno za te tri\u010dave zakone.<\/p>\n<p>Blago Srbiji sa Vladanom Gli\u0161i\u0107em, njegovom neumitno debilnom pri\u010dom o &#8220;ideologiji homoseksualizma&#8221;. Neka vlada pristojnost. Iznad masnica izazvanih porodi\u010dnim nasiljem. Gli\u0161i\u0107, koji nagla\u0161ava kako ne \u017eeli diskriminirati homoseksualce, istovremeno im uskra\u0107uje pravo na mirno okupljanje ili stvaranje bra\u010dnih\/vanbra\u010dnih zajednica. Koja prava onda imaju? Da izbjegavaju kamenje koje pada po njima? Da tr\u010de cik-cak dok ih se mlati toljagama? Sad kad Parada nije odr\u017eana, Srbija je u\u0161tedjela mnogo resursa. Ne bi bilo lo\u0161e poslati te resurse na granicu Kosova. Da onako pristojno pocupkuju. Samo bez nasilja, kultura dijaloga i to. Za\u010dinjeno mrvom hri\u0161\u0107anskog habitusa. I porodi\u010dnom muzikom.<\/p>\n<p>Dragane moj kad do\u0111e\u0161 ti<br \/>\nkada zagrme trube i sve zadrhti.<\/p>\n<p><a href=\"http:\/\/pescanik.net\/content\/view\/7641\/1232\/\">Pe\u0161\u010danik.net<\/a><\/p>\n","protected":false},"excerpt":{"rendered":"<p>Ako Srbija dobije prvoklasnog sprintera na kratke staze, a ovaj iza\u0111e u javnost sa svojom homoseksualnom orijentacijom, ho\u0107e li doti\u010dni smjeti tr\u010dati na 100 metara pod zastavom Srbije?<\/p>\n","protected":false},"author":1,"featured_media":0,"comment_status":"open","ping_status":"closed","sticky":false,"template":"","format":"standard","meta":{"_seopress_robots_primary_cat":"","_seopress_titles_title":"","_seopress_titles_desc":"","_seopress_robots_index":"","_et_pb_use_builder":"","_et_pb_old_content":"","_et_gb_content_width":"","inline_featured_image":false,"footnotes":""},"categories":[5],"tags":[],"class_list":["post-62500","post","type-post","status-publish","format-standard","hentry","category-drugi-pisu"],"_links":{"self":[{"href":"https:\/\/www.pcnen.com\/portal\/wp-json\/wp\/v2\/posts\/62500","targetHints":{"allow":["GET"]}}],"collection":[{"href":"https:\/\/www.pcnen.com\/portal\/wp-json\/wp\/v2\/posts"}],"about":[{"href":"https:\/\/www.pcnen.com\/portal\/wp-json\/wp\/v2\/types\/post"}],"author":[{"embeddable":true,"href":"https:\/\/www.pcnen.com\/portal\/wp-json\/wp\/v2\/users\/1"}],"replies":[{"embeddable":true,"href":"https:\/\/www.pcnen.com\/portal\/wp-json\/wp\/v2\/comments?post=62500"}],"version-history":[{"count":0,"href":"https:\/\/www.pcnen.com\/portal\/wp-json\/wp\/v2\/posts\/62500\/revisions"}],"wp:attachment":[{"href":"https:\/\/www.pcnen.com\/portal\/wp-json\/wp\/v2\/media?parent=62500"}],"wp:term":[{"taxonomy":"category","embeddable":true,"href":"https:\/\/www.pcnen.com\/portal\/wp-json\/wp\/v2\/categories?post=62500"},{"taxonomy":"post_tag","embeddable":true,"href":"https:\/\/www.pcnen.com\/portal\/wp-json\/wp\/v2\/tags?post=62500"}],"curies":[{"name":"wp","href":"https:\/\/api.w.org\/{rel}","templated":true}]}}