{"id":57042,"date":"2009-02-27T22:33:40","date_gmt":"2009-02-27T22:33:40","guid":{"rendered":"http:\/\/www.pcnen.com\/portal\/?p=57042"},"modified":"2020-05-25T08:30:03","modified_gmt":"2020-05-25T06:30:03","slug":"drzavnoj-tuziteljki","status":"publish","type":"post","link":"https:\/\/www.pcnen.com\/portal\/2009\/02\/27\/drzavnoj-tuziteljki\/","title":{"rendered":"Dr\u017eavnoj tu\u017eiteljki"},"content":{"rendered":"<p><em><strong>Pi\u0161e: Zipp<\/strong><\/em><\/p>\n<p>PREDMET: OSNOVANA SUMNJA\u00a0 da je tada\u0161nji i sada\u0161nji Premijer Crne Gore, Milo Djukanovi\u0107, odgovoran za deportaciju i smrt neutvrdjenog boja Bo\u0161njaka 1992.godine, najmanje njih 80.<\/p>\n<p>Gospodjo Dr\u017eavna tu\u017eiteljko,<\/p>\n<p>Ohrabren Va\u0161om odlukom da pozovete na saslu\u0161anje gospodina Milana Popovi\u0107a na ispitivanje, zbog njegovih indicija o organizovanom kriminalu iznijetih u tekstu \u201eRevolucionari&#8221; objavljenom u ND \u201eVijesti&#8221;, smogao sam hrabrosti da, doista pod pseudonimom, i ja iznesem svoju OSNOVANU SUMNJU, da je Premijer Milo Djukanovi\u0107 najodgovorniji za gore navedeni ratni zlo\u010din ili zlo\u010din protiv \u010dovje\u010dnosti. Nijesam pravnik, stoga ne znam kvalifikaciju djela. Kao \u010dovjek, meni je pomenuti slu\u010daj i jedno i drugo. Vi svakako bolje znate kvalifikaciju za \u00a0navedeno (ne)djelo.<\/p>\n<p>Za moju OSNOVANU SUMNJU, da je tada\u0161nji i sada\u0161nji Primijer Djukanovi\u0107, najodgovorniji za deportaciju i smrt neutvrdjenog broja Bo\u0161njaka, najmanje 80, ne\u0107e Vam biti potreban poziv da budem saslu\u0161an. Sve moje sumnje i dokaze \u0107u Vam ovdje iznijeti. Znate ih mislim i Vi, ali ih vjerovatno od prezauzetosti nijeste mogli povezati u logi\u010dnu cjelinu. Zato \u0107u Vam ih prezentirati:<\/p>\n<p>Gopsodin Milo Djukanovi\u0107 je bio Premijer Vlade kada je izvr\u0161ena deportacija izbjeglih lica-Bo\u0161njaka, sa ratom zahva\u0107enih teritorija BIH. MUP Crne Gore, je izdao nalog podru\u010dnim centrima bezbjednosti da hapse izbjegle Bo\u0161njake i isporu\u010duju ih tada\u00a0nelagalnim formacijema, tada takozvane Republike Srpske a ne Dr\u017eavnim organima medjunarodno priznate Dr\u017eave BIH. Kao Premijer, Ustavom ovla\u0161\u0107en za vodjenje unutra\u0161nje i spoljne politike, gospodin Djukanovi\u0107 je bio nadredjeni Ministru MUP-a, tj. MUP njegov podredjeni resor. \u017delim re\u0107i da je Premijer najva\u017enija li\u010dnost po funkciji, glavni i odgovorni za rad svojih Ministara i Ministarstava, i da je kao takav MORAO biti upoznat sa tako krupnom radnjom, kao \u0161to je hvatanje i hap\u0161enje \u00a0ljudi odredjenje nacionalnosti i isporu\u010divanje zara\u0107enoj strani. Vjerovatno znate da i svakog jutra na stolu Premijera sti\u017ee izvje\u0161taj Ministra MUP-a i DB-a(dana\u0161njeANB) o aktivnostima iz prethodnog dana. Stoga je Premijer MORAO biti upoznat sa navedenom deportacijom tj.zlo\u010dinom.<\/p>\n<p>I DA NIJE ZNAO, \u0161to je Premijer u nekoliko navrata izjavio, PO FUNKCIJI JE ODGOVORAN, JER JE MORAO ZNATI.<\/p>\n<p>A da je ipak sve\u00a0 znao o pomenutoj deportaciji, posjedujem kako ja, tako ne mali dio javnosti, zatim advotska kancelarija Prelevi\u0107-pravni zastupnici porodica deportovanih, dokument izdat od strane Ministarstva unutra\u0161njih poslova Crne Gore, broj 905\/3 od 18.08.1992.godine\u00a0 izdat na ime Stupar-Titori\u0107 Danijela(supruga\u00a0 jednog od deportovanih i ubijenih)\u00a0 u kojem pored ostalog pi\u0161e:<\/p>\n<p>\u201ePredsjednik Vlade Republike Crne Gore drug Milo Djukanovi\u0107 je proslijedio Va\u0161u molbu MUP-a RCG, uz zahtjev da Vas obavjestimo gdje Vam se nalazi suprug i za\u0161to je uhap\u0161en.<\/p>\n<p>Va\u0161 suprug, Titori\u0107 Alemko iz Novog Sarajeva je uhap\u0161en 26.05.1992. godine u Herceg Novom, kao i jo\u0161 34 lica, a na zahtjev Srpske Republike BIH i predat ovla\u0161\u0107enim radnicima SUP-a Srebrenica&#8230;&#8221;<\/p>\n<p>U potpisu sa pe\u010datom, Ministar unutra\u0161njih poslova Nikola Pejakovi\u0107.<\/p>\n<p>&nbsp;<\/p>\n<p>Ovo demantuje tvrdnje Premijera da nije znao za zlo\u010din deportacije, jer pismo-odgovor\u00a0 je datirano samo tri mjeseca po hap\u0161enju i deportaciji.<\/p>\n<p>Ako uzmemo da je i tek tada doznao, zna\u010di poslije 3 mjeseca, po funkciji je bio du\u017ean da razrije\u0161i Ministra. Zatim da, ili kao gradjanin ili kao Premijer, obavjesti tada\u0161njeg Dr\u017eavnog tu\u017eioca o svemu, radi pokretanja krivi\u010dnog postupka. Naprotiv, kako tada\u0161nji Ministar MUP-a, tako drugi najodgovorniji u ovom slu\u010daju su napredovali u slu\u017ebi, \u0161to mi podgrijeva jo\u0161 ve\u0107u OSNOVANU SUMNJU da je sve uradjenjo sa direktnim znanjem i pod patronatom tada\u0161njeg Premijera Djukanovi\u0107a.<\/p>\n<p>Iako pravni laik, slobodan sam Vas podsjetiti da i po medjunarodnom pravu, izbjegla lica ne smiju biti izru\u010dena zemlji zahva\u0107enoj ratom, a gdje\u00a0\u00a0 postoji opasnost da ta lica mogu biti ubijena, \u0161to je ovdje bio slu\u010daj.<\/p>\n<p>Uz zahvalnost \u0161to ste najzad ozbiljno po\u010deli da se borite protiv organizovanog kriminala i korupcije, \u0161to pokazuje \u201eslu\u010daj Popovi\u0107&#8221;, a \u0161to nam je jedna od glavnih prepreka za op\u0161te stremljenja dru\u0161tva-\u010dlanstvo u Evropskoj Uniji, nadam se da pored \u201eVijesti&#8221;, Vi ili Va\u0161i saradnici \u010ditate i\u00a0\u00a0PCNEN i da \u0107ete provjeriti moje OSNOVANE SUMNJE.<\/p>\n<p>Veoma bi bilo zna\u010dajno\u00a0 provjeriti moje OSNOVANE SUMNJE i zbog \u010dinjenice da je u toku Sudski proces protiv dijela, uglavnom pukih izvr\u0161ioca naredjenja za navedeni zlo\u010din. I da je to bila dosada\u0161nja stalna praksa u Crnoj Gori, da se sudi izvr\u0161iocima a ne nalogodavcima.<\/p>\n<p>Va\u0161im brzim i profesionalnim postupkom a povodom\u00a0 indicija tj. osnovanih sumnji koje je iznio gospodin Popovi\u0107, dajete mi realnu nadu da \u0107ete tako uraditi i u ovom slu\u010daju. Posebna je simbnolika, ako simbolike u ovakvim slu\u010dajima mo\u017ee biti, ta, \u0161to moja inicijativa kre\u0107e upravo na 16-tu\u00a0 godi\u0161njicu otmice u \u0160trbcima, opet zlo\u010dina u kojem su stradali Bo\u0161njaci, gradjani Crne Gore, a za koji je opet odgovarao samo jedan, puki izvr\u0161ioc, izvjesni Neboj\u0161a Ranisavljevi\u0107.<\/p>\n<p>Kako sam Vam predo\u010dio sve relevantne \u010dinjenice koje znam, a koje su smatram vi\u0161e nego dovoljne za otvaranje postupka, molim Vas da me eventualno ne pozivate na davanje dodatne izjave-nemam \u0161to dodati. Znam i da (ne)nadle\u017ene slu\u017ebe znaju moj identitet.<\/p>\n","protected":false},"excerpt":{"rendered":"<p>OSNOVANA SUMNJA  da je tada\u0161nji i sada\u0161nji Premijer Crne Gore, Milo Djukanovi\u0107, odgovoran za deportaciju i smrt neutvrdjenog boja Bo\u0161njaka 1992.godine, najmanje njih 80.<\/p>\n","protected":false},"author":12,"featured_media":0,"comment_status":"open","ping_status":"closed","sticky":false,"template":"","format":"standard","meta":{"_seopress_robots_primary_cat":"","_seopress_titles_title":"","_seopress_titles_desc":"","_seopress_robots_index":"","_et_pb_use_builder":"","_et_pb_old_content":"","_et_gb_content_width":"","inline_featured_image":false,"footnotes":""},"categories":[17],"tags":[],"class_list":["post-57042","post","type-post","status-publish","format-standard","hentry","category-blogovi"],"_links":{"self":[{"href":"https:\/\/www.pcnen.com\/portal\/wp-json\/wp\/v2\/posts\/57042","targetHints":{"allow":["GET"]}}],"collection":[{"href":"https:\/\/www.pcnen.com\/portal\/wp-json\/wp\/v2\/posts"}],"about":[{"href":"https:\/\/www.pcnen.com\/portal\/wp-json\/wp\/v2\/types\/post"}],"author":[{"embeddable":true,"href":"https:\/\/www.pcnen.com\/portal\/wp-json\/wp\/v2\/users\/12"}],"replies":[{"embeddable":true,"href":"https:\/\/www.pcnen.com\/portal\/wp-json\/wp\/v2\/comments?post=57042"}],"version-history":[{"count":1,"href":"https:\/\/www.pcnen.com\/portal\/wp-json\/wp\/v2\/posts\/57042\/revisions"}],"predecessor-version":[{"id":291940,"href":"https:\/\/www.pcnen.com\/portal\/wp-json\/wp\/v2\/posts\/57042\/revisions\/291940"}],"wp:attachment":[{"href":"https:\/\/www.pcnen.com\/portal\/wp-json\/wp\/v2\/media?parent=57042"}],"wp:term":[{"taxonomy":"category","embeddable":true,"href":"https:\/\/www.pcnen.com\/portal\/wp-json\/wp\/v2\/categories?post=57042"},{"taxonomy":"post_tag","embeddable":true,"href":"https:\/\/www.pcnen.com\/portal\/wp-json\/wp\/v2\/tags?post=57042"}],"curies":[{"name":"wp","href":"https:\/\/api.w.org\/{rel}","templated":true}]}}