{"id":56237,"date":"2011-06-04T12:29:56","date_gmt":"2011-06-04T12:29:56","guid":{"rendered":"http:\/\/www.pcnen.com\/portal\/?p=56237"},"modified":"2011-06-04T12:29:56","modified_gmt":"2011-06-04T12:29:56","slug":"papa-benedikt-xvi-u-posjeti-hrvatskoj","status":"publish","type":"post","link":"https:\/\/www.pcnen.com\/portal\/2011\/06\/04\/papa-benedikt-xvi-u-posjeti-hrvatskoj\/","title":{"rendered":"Papa Benedikt XVI u posjeti Hrvatskoj"},"content":{"rendered":"<p align=\\\"left\\\"><img height=\\\"133\\\" alt=\\\"Papa Benedikt\\\" src=\\\"http:\/\/www.pcnen.com\/images\/region\/papa.jpg\\\" width=\\\"200\\\" align=\\\"left\\\" border=\\\"0\\\" \/>Papa Benedikt XVI je stigao danas&nbsp; u dvodnevnu posjetu Hrvatskoj, gdje \u0107e se susresti sa zvani\u010dnicima, predstavnicima civilnog dru&scaron;tva, politike, diplomatskog kora i vjerskih zajednica.<\/p>\n<p>Na ve\u010dera&scaron;njem centralnom programu na Trgu bana Jela\u010di\u0107a papa \u0107e se obratiti mladima, a sjutra \u0107e na zagreba\u010dkom Hipodromu slu\u017eiti misu povodom Nacionalnog dana obitelji hrvatskih katolika.<\/p>\n<p>Mjere bezbjednosti u Zagrebu su tokom posljednjih dana, zbog papine posjete, podignute na najvi&scaron;i nivo.<\/p>\n<p>Mo\u017ee li bogata Crkva navije&scaron;tati evan\u0111elje siroma&scaron;nima? Kako biste reagirali da je Papa zatajio istinu o zlostavljanju va&scaron;eg djeteta? Poku&scaron;ava li jedna crkvena diktatura vladati demokracijom?&quot;, samo su neka od pitanja koja su vri&scaron;tala s transparenata \u010dlanova udruge <em>David<\/em> i ostalih gra\u0111ana koji su se na poziv udruge, uo\u010di posjeta pape Benedikta XVI Hrvatskoj, okupili na Cvjetnom trgu na antipapinom prosvjedu, <a href=\"http:\/\/www.index.hr\/vijesti\/clanak\/kako-biste-reagirali-da-je-papa-zatajio-istinu-o-zlostavljanju-vaseg-djeteta\/555054.aspx\">pi&scaron;e zagreba\u010dki portal Inndex.hr.<\/a><\/p>\n<p>Ovaj portal je&nbsp;svojim posjetiocima ostavio mogu\u0107nost da se o papinoj posjeti <a href=\"http:\/\/www.index.hr\/vijesti\/clanak\/index-referendum-papa-je-odgovoran-za-zataskavanje-zlocina-i-mora-odgovarati-pred-sudom-\/555093.aspx\">izjasne<\/a> tako &scaron;to \u0107e odgovoriti na dilemu: <em>&quot;Papu smatram&#8230; a) svetim ocem i moralnim autoritetom, b) osobom odgovornom za zata&scaron;kavanje zlo\u010dina, koja mora odgovarati pred sudom&quot;.<\/em><\/p>\n<p>Do danas u podne, glasalo je oko 650 ljudi, a najvi&scaron;e glasova (476) dobio je odgovor pod b).<\/p>\n<p>Prema podacima kojima raspola\u017ee portparol gra\u0111anske inicijative <em>Nisam vjernik<\/em> Neven Barkovi\u0107, a koje je objavio Institut za dru&scaron;tvena istra\u017eivanja <em>Ivo Pilar<\/em>, na vjerske slu\u017ebe vi&scaron;e ili manje redovno ide samo 15 do 20 posto gra\u0111ana i gra\u0111anki Hrvatske. Istovremeno, prema istra\u017eivanjima Eurobarometra, 67 posto gra\u0111ana\/gra\u0111anki u Hrvatskoj tvrdi da vjeruje u Boga.<\/p>\n","protected":false},"excerpt":{"rendered":"<p align=\"left\"><img loading=\"lazy\" decoding=\"async\" height=\"133\" alt=\"Papa Benedikt\" src=\"http:\/\/www.pcnen.com\/images\/region\/papa.jpg\" width=\"200\" align=\"left\" border=\"0\" \/>Papa Benedikt XVI je stigao danas&nbsp; u dvodnevnu posjetu Hrvatskoj, gdje \u0107e se susresti sa zvani\u010dnicima, predstavnicima civilnog dru&scaron;tva, politike, diplomatskog kora i vjerskih zajednica.<\/p>\n<p>Na ve\u010dera&scaron;njem centralnom programu na Trgu bana Jela\u010di\u0107a papa \u0107e se obratiti mladima, a sjutra \u0107e na zagreba\u010dkom Hipodromu slu\u017eiti misu povodom Nacionalnog dana obitelji hrvatskih katolika.<\/p>\n<p>Mjere bezbjednosti u Zagrebu su tokom posljednjih dana, zbog papine posjete, podignute na najvi&scaron;i nivo.<\/p>\n","protected":false},"author":1,"featured_media":0,"comment_status":"open","ping_status":"closed","sticky":false,"template":"","format":"standard","meta":{"_seopress_robots_primary_cat":"","_seopress_titles_title":"","_seopress_titles_desc":"","_seopress_robots_index":"","_et_pb_use_builder":"","_et_pb_old_content":"","_et_gb_content_width":"","inline_featured_image":false,"footnotes":""},"categories":[12],"tags":[],"class_list":["post-56237","post","type-post","status-publish","format-standard","hentry","category-prica-dana"],"_links":{"self":[{"href":"https:\/\/www.pcnen.com\/portal\/wp-json\/wp\/v2\/posts\/56237","targetHints":{"allow":["GET"]}}],"collection":[{"href":"https:\/\/www.pcnen.com\/portal\/wp-json\/wp\/v2\/posts"}],"about":[{"href":"https:\/\/www.pcnen.com\/portal\/wp-json\/wp\/v2\/types\/post"}],"author":[{"embeddable":true,"href":"https:\/\/www.pcnen.com\/portal\/wp-json\/wp\/v2\/users\/1"}],"replies":[{"embeddable":true,"href":"https:\/\/www.pcnen.com\/portal\/wp-json\/wp\/v2\/comments?post=56237"}],"version-history":[{"count":0,"href":"https:\/\/www.pcnen.com\/portal\/wp-json\/wp\/v2\/posts\/56237\/revisions"}],"wp:attachment":[{"href":"https:\/\/www.pcnen.com\/portal\/wp-json\/wp\/v2\/media?parent=56237"}],"wp:term":[{"taxonomy":"category","embeddable":true,"href":"https:\/\/www.pcnen.com\/portal\/wp-json\/wp\/v2\/categories?post=56237"},{"taxonomy":"post_tag","embeddable":true,"href":"https:\/\/www.pcnen.com\/portal\/wp-json\/wp\/v2\/tags?post=56237"}],"curies":[{"name":"wp","href":"https:\/\/api.w.org\/{rel}","templated":true}]}}