{"id":56135,"date":"2011-02-01T14:00:59","date_gmt":"2011-02-01T14:00:59","guid":{"rendered":"http:\/\/www.pcnen.com\/portal\/?p=56135"},"modified":"2011-02-01T14:00:59","modified_gmt":"2011-02-01T14:00:59","slug":"lazovic-mans-za-mene-ne-postoji","status":"publish","type":"post","link":"https:\/\/www.pcnen.com\/portal\/2011\/02\/01\/lazovic-mans-za-mene-ne-postoji\/","title":{"rendered":"Lazovi\u0107: MANS za mene ne postoji"},"content":{"rendered":"<p><img height=\\\"200\\\" alt=\\\"Foto:Dan\\\" hspace=\\\"1\\\" src=\\\"http:\/\/www.pcnen.com\/images\/54\/boro_lazovic.jpg\\\" width=\\\"160\\\" align=\\\"left\\\" vspace=\\\"1\\\" border=\\\"0\\\" \/>Predsjednik Odbora direktora kompanije <em>Budva holding<\/em> i &scaron;ef budvanskog DPS Boro Lazovi\u0107, odbacio je danas sve optu\u017ebe koje je iznijela NVO MANS u krivi\u010dnoj prijavi protiv \u010dlanova poslovodstva <em>Budva holdinga<\/em> zbog sumnje da su falsifikovali zavr&scaron;ne ra\u010dune tog op&scaron;tinskog preduze\u0107a.<\/p>\n<p>Lazovi\u0107 je radiju <em>Antena M<\/em> rekao da MANS ne do\u017eivljava kao ozbiljnu nevladinu organizaciju.<\/p>\n<p>&quot;Za mene MANS je samo jedna pored tri hiljade ostalih NVO koja ima dovoljno novca i dovoljno mogu\u0107nosti da se upli\u0107e svu\u0111e \u0111e treba i \u0111e je po&scaron;alju. To &scaron;to su oni rekli, &scaron;to se mene li\u010dno ti\u010de, kao da ni&scaron;ta nisu rekli. Za mene oni ne postoje&quot;, rekao je Lazovi\u0107.<\/p>\n<p>&quot;Ja ih do\u017eivljavam samo kao nekoga ko je uspio preko nekoga da poku&scaron;a da me oblati. Isto kao da sam izgubio utakmicu na svom terenu protiv najslabije ekipe na prvenstvu&quot;, dodao je Lazovi\u0107.<\/p>\n<p>&quot;To &scaron;to gospodin Lazovi\u0107 misli o MANS-u i &scaron;to misli o nevladinom sektoru da li smo mi bitna ili nebitna organizacija, mi \u0107emo nastaviti da istra\u017eujemo slu\u010dajeve korupcije i kr&scaron;enja zakona u svim sektorima, bez obzira svi\u0111a li se to gospodinu Lazovi\u0107i ili bilo kome drugom budvanskom ili nekom tre\u0107em funkcioneru&quot;, kazao je direktor programa za urbanizam u MANS-u Dejan Milovac.<\/p>\n<p><strong>MANS podnio krivi\u010dne prijave protiv \u010delnika &#8216;Budva holdinga&#8217;<\/strong> (31. Jan 2011, 19:49<img loading=\"lazy\" decoding=\"async\" height=\"269\" alt=\"Ilustracija\" hspace=\"1\" src=\"http:\/\/www.pcnen.com\/images\/krimi\/ciste_ruke.jpg\" width=\"200\" align=\"left\" vspace=\"1\" border=\"0\" \/>)<\/p>\n<p>Mre\u017ea za afirmaciju nevladinog sektora (MANS) je&nbsp;podnijela danas Vrhovnom dr\u017eavnom tu\u017eiocu krivi\u010dnu prijavu protiv \u010dlanova poslovodstva <em>Budva holdinga<\/em> zbog sumnje da su falsifikovani zavr&scaron;ne ra\u010dune tog op&scaron;tinskog preduze\u0107a. <\/p>\n<p>Prijava je podnijeta protiv izvr&scaron;nog direktora <em>Budva holdinga<\/em> Lazara Ra\u0111enovi\u0107e, koji je i potpredsjednik op&scaron;tine Budva, i predsjednika Odbora direktora kompanije Bora Lazovi\u0107a, &scaron;efa budvanskog odbora Demokratske partije socijalista. <\/p>\n<p>MANS je krivi\u010dnu prijavu protiv Ra\u0111enovi\u0107a pro&scaron;irio i informacijama koje se odnose na sumnju da je Ra\u0111enovi\u0107 ispred <em>Budva holdinga<\/em>, sa of&scaron;or kompanijom <em>DC Invest Limited<\/em> iz D\u017eerzija sklopio &scaron;tetan ugovor o zajedni\u010dkom ulaganju u lokaciju Galije pored Svetog Stefana.<\/p>\n<p>MANS sumnja da je <em>Budva holding,<\/em> registrovan za upravljanje nekreteninama i raspolaganje op&scaron;tinskim zemlji&scaron;tem vrijednim blizu 200 miliona eura, falsifikovao&nbsp;zavr&scaron;ne ra\u010dune za 2008. i 2009. godinu. <\/p>\n<table style=\"height: 123px; border-width: 2px; border-color: #cccccc\" width=\"222\" align=\"right\" border=\"2\">\n<tbody>\n<tr>\n<td>\n<p align=\"center\"><strong>MANS sumnji\u010dav od ranije&nbsp;<\/strong><\/p>\n<p>MANS je sredinom septembra lani Odsjeku za privredni kriminal Uprave policije dostavio inicijativu za pokretanje istrage u slu\u010daju vi&scaron;e preduze\u0107a \u010diji je osniva\u010d Op&scaron;tina Budva, &quot;kako bi se do kraja utvrdilo da li i u kojim slu\u010dajevima postoje elementi krivi\u010dnog djela zloupotrebe slu\u017ebenog polo\u017eaja ili drugih krivi\u010dnih djela&quot;. <\/p>\n<p>Predsjednik Op&scaron;tine Budva Rajko Kulja\u010da, koji se sada nalazi u pritvoru,&nbsp;pozdravio je inicijativu, ali je odbacio sumnje MANS-a kao neosnovane.<\/p>\n<\/td>\n<\/tr>\n<\/tbody>\n<\/table>\n<p>MANS navodi da su krajem decembra pro&scaron;le godine usvojeni zavr&scaron;ni ra\u010duni za 2008. i 2009. godinu tek po&scaron;to je ta nevladina organizacija tra\u017eila da joj se dostave ra\u010duni, &scaron;to, kako ocjenjuju, potvr\u0111uje sumnju da ne postoji uredna evidencija o finansijama op&scaron;tinskog preduze\u0107a.<\/p>\n<p>Kompletnu dokumentaciju <em>Budva holding<\/em> je prije desetak dana morao da preda specijalnom tu\u017eiocu za organizovani kriminal koji vodi istragu o poslovanju Op&scaron;tine Budva i njenih uhap&scaron;enih \u010delnika Rajka Kulja\u010de, Dragana Marovi\u0107a, ali i drugih odgovornih lica. <\/p>\n<p>U MANS navode da zavr&scaron;ni ra\u010duni, koje je potpisao potpredsjednik budvanske op&scaron;tine Lazar Ra\u0111enovi\u0107, nijesu napravljeni po standardnom obrascu za finansijske izvje&scaron;taje te vrste i da sadr\u017ee brojne nelogi\u010dnosti.<\/p>\n<p>Kako navodi MANS, <em>Budva holding<\/em> je, i pored toga &scaron;to nema zaposlenih, u 2009. vi&scaron;e od 40.000 eura potro&scaron;io na kancelarijski namje&scaron;taj i imala gubitak od 12.000 eura, kao i da oba zavr&scaron;na ra\u010duna sadr\u017ee bilans nov\u010danih tokova koji nijesu potpisani, pe\u010datirani i ovjereni kod Privrednog suda.<\/p>\n<p>Predsjednik Upravnog odbora Budva holdinga <em>Boro Lazovi\u0107<\/em> je odbacio optu\u017ebe MANS-a kao neistinite, uz ocjenu da je toj nevladinoj organizaciji cilj da &quot;uvede prinudnu upravu u Budvi, kompromituje ljude i &scaron;alje ih u Spu\u017e&quot;, prenose <em>Vijesti<\/em>.<\/p>\n<p>Lazovi\u0107 je ocijenio da je rije\u010d o &quot;orkestriranom napadu&quot; na budvansko rukovodtsvo DPS i tvrdi da su zavr&scaron;ni ra\u010dunu ura\u0111eni u skladu sa zakonom.<\/p>\n<p>&quot;Ja ne mogu da shvatim da jedna organizacija kao &scaron;to je MANS mo\u017ee da preuzme odre\u0111ene funkcije u ovoj dr\u017eavi i da, na odre\u0111en na\u010din, baci u zasjenak i policiju i tu\u017eila&scaron;tvo, bojim se i sud&quot;, kazao je Lazovi\u0107 za TV Vijesti.<\/p>\n","protected":false},"excerpt":{"rendered":"<p><img loading=\"lazy\" decoding=\"async\" height=\"200\" alt=\"Foto:Dan\" hspace=\"1\" src=\"http:\/\/www.pcnen.com\/images\/54\/boro_lazovic.jpg\" width=\"160\" align=\"left\" vspace=\"1\" border=\"0\" \/>Predsjednik Odbora direktora kompanije <em>Budva holding<\/em> i &scaron;ef budvanskog DPS Boro Lazovi\u0107, odbacio je danas sve optu\u017ebe koje je iznijela NVO MANS u krivi\u010dnoj prijavi protiv \u010dlanova poslovodstva <em>Budva holdinga<\/em> zbog sumnje da su falsifikovali zavr&scaron;ne ra\u010dune tog op&scaron;tinskog preduze\u0107a.<\/p>\n<p>Lazovi\u0107 je radiju <em>Antena M<\/em> rekao da MANS ne do\u017eivljava kao ozbiljnu nevladinu organizaciju.<\/p>\n<p>&quot;Za mene MANS je samo jedna pored tri hiljade ostalih NVO koja ima dovoljno novca i dovoljno mogu\u0107nosti da se upli\u0107e svu\u0111e \u0111e treba i \u0111e je po&scaron;alju. To &scaron;to su oni rekli, &scaron;to se mene li\u010dno ti\u010de, kao da ni&scaron;ta nisu rekli. Za mene oni ne postoje&quot;, rekao je Lazovi\u0107.<\/p>\n","protected":false},"author":1,"featured_media":0,"comment_status":"open","ping_status":"closed","sticky":false,"template":"","format":"standard","meta":{"_seopress_robots_primary_cat":"","_seopress_titles_title":"","_seopress_titles_desc":"","_seopress_robots_index":"","_et_pb_use_builder":"","_et_pb_old_content":"","_et_gb_content_width":"","inline_featured_image":false,"footnotes":""},"categories":[12],"tags":[],"class_list":["post-56135","post","type-post","status-publish","format-standard","hentry","category-prica-dana"],"_links":{"self":[{"href":"https:\/\/www.pcnen.com\/portal\/wp-json\/wp\/v2\/posts\/56135","targetHints":{"allow":["GET"]}}],"collection":[{"href":"https:\/\/www.pcnen.com\/portal\/wp-json\/wp\/v2\/posts"}],"about":[{"href":"https:\/\/www.pcnen.com\/portal\/wp-json\/wp\/v2\/types\/post"}],"author":[{"embeddable":true,"href":"https:\/\/www.pcnen.com\/portal\/wp-json\/wp\/v2\/users\/1"}],"replies":[{"embeddable":true,"href":"https:\/\/www.pcnen.com\/portal\/wp-json\/wp\/v2\/comments?post=56135"}],"version-history":[{"count":0,"href":"https:\/\/www.pcnen.com\/portal\/wp-json\/wp\/v2\/posts\/56135\/revisions"}],"wp:attachment":[{"href":"https:\/\/www.pcnen.com\/portal\/wp-json\/wp\/v2\/media?parent=56135"}],"wp:term":[{"taxonomy":"category","embeddable":true,"href":"https:\/\/www.pcnen.com\/portal\/wp-json\/wp\/v2\/categories?post=56135"},{"taxonomy":"post_tag","embeddable":true,"href":"https:\/\/www.pcnen.com\/portal\/wp-json\/wp\/v2\/tags?post=56135"}],"curies":[{"name":"wp","href":"https:\/\/api.w.org\/{rel}","templated":true}]}}