{"id":55972,"date":"2010-07-02T14:45:15","date_gmt":"2010-07-02T14:45:15","guid":{"rendered":"http:\/\/www.pcnen.com\/portal\/?p=55972"},"modified":"2010-07-02T14:45:15","modified_gmt":"2010-07-02T14:45:15","slug":"zeljezara-protiv-mans-a","status":"publish","type":"post","link":"https:\/\/www.pcnen.com\/portal\/2010\/07\/02\/zeljezara-protiv-mans-a\/","title":{"rendered":"\u017deljezara protiv MANS-a"},"content":{"rendered":"<p><img height=\\\"180\\\" alt=\\\"Ilustracija\\\" hspace=\\\"2\\\" src=\\\"http:\/\/www.pcnen.com\/images\/aktivizam\/sudjenje.jpg\\\" width=\\\"180\\\" align=\\\"left\\\" vspace=\\\"1\\\" border=\\\"0\\\" \/>Izvr&scaron;na direktorica Mre\u017ee za afirmaciju nevladinog sektora (MANS) Vanje \u0106alovi\u0107 je na danas odr\u017eanom ro\u010di&scaron;te po tu\u017ebi nik&scaron;i\u0107ke \u017deljezare u Osnovnom sudu u Podgorici insistirala na tome da ona nije iznosila tvrdnje o nezakonitim radnjama, nego samo sumnje i indicije, koje nadle\u017eni dr\u017eavni organi treba da provjere. <\/p>\n<p>Zastupnici&nbsp;\u017deljezare su, pak, insistirali na tome da direktorka nevladine organizacije koja istra\u017euje slu\u010dajeve korupcije&nbsp;i organizovanog kriminala ponudi dokaze za ono &scaron;to je javno govorila. <\/p>\n<p>Uprava \u017deljezare je podnijela tu\u017ebu protiv MANS-a radi za&scaron;tite svog ugleda. Oni tvrde da su neta\u010dne tvrdnje MANS-a &scaron;tetile kompaniji i njenom vlasniku, <em>Montenegro<\/em><em> spe&scaron;lti stilsu<\/em>, &scaron;to bi moglo da da dovede do gubitaka poslovnih partnera, otkazivanjem ugovora ili te&scaron;ko\u0107ama u nala\u017eenju klijenata.<\/p>\n<p>MANS je objavio niz optu\u017ebi, me\u0111u kojima su i tvrdnje da \u017deljezara ima registrovanu istoimenu k\u0107erku kompaniju u Amsterdamu, koja, navodno, slu\u017ei za izvla\u010denje ili pranje novca iz crnogorskog preduze\u0107a.<\/p>\n<p>Tu\u017eba protiv MANS-a, koja je lokalni partner globalne mre\u017ee Transparensi interne&scaron;enel,&nbsp;u civilnom sektoru se do\u017eivljava kao pritisak na sve one koji poku&scaron;avaju da uka\u017eu na&nbsp;primjere korupcije i nezakonja svake vrste.&nbsp;<\/p>\n","protected":false},"excerpt":{"rendered":"<p><img loading=\"lazy\" decoding=\"async\" height=\"180\" alt=\"Ilustracija\" hspace=\"2\" src=\"http:\/\/www.pcnen.com\/images\/aktivizam\/sudjenje.jpg\" width=\"180\" align=\"left\" vspace=\"1\" border=\"0\" \/>Izvr&scaron;na direktorica Mre\u017ee za afirmaciju nevladinog sektora (MANS) Vanje \u0106alovi\u0107 je na danas odr\u017eanom ro\u010di&scaron;te po tu\u017ebi nik&scaron;i\u0107ke \u017deljezare u Osnovnom sudu u Podgorici insistirala na tome da ona nije iznosila tvrdnje o nezakonitim radnjama, nego samo sumnje i indicije, koje nadle\u017eni dr\u017eavni organi treba da provjere. <\/p>\n<p>Zastupnici&nbsp;\u017deljezare su, pak, insistirali na tome da direktorka nevladine organizacije koja istra\u017euje slu\u010dajeve korupcije&nbsp;i organizovanog kriminala ponudi dokaze za ono &scaron;to je javno govorila. <\/p>\n","protected":false},"author":1,"featured_media":0,"comment_status":"open","ping_status":"closed","sticky":false,"template":"","format":"standard","meta":{"_seopress_robots_primary_cat":"","_seopress_titles_title":"","_seopress_titles_desc":"","_seopress_robots_index":"","_et_pb_use_builder":"","_et_pb_old_content":"","_et_gb_content_width":"","inline_featured_image":false,"footnotes":""},"categories":[12],"tags":[],"class_list":["post-55972","post","type-post","status-publish","format-standard","hentry","category-prica-dana"],"_links":{"self":[{"href":"https:\/\/www.pcnen.com\/portal\/wp-json\/wp\/v2\/posts\/55972","targetHints":{"allow":["GET"]}}],"collection":[{"href":"https:\/\/www.pcnen.com\/portal\/wp-json\/wp\/v2\/posts"}],"about":[{"href":"https:\/\/www.pcnen.com\/portal\/wp-json\/wp\/v2\/types\/post"}],"author":[{"embeddable":true,"href":"https:\/\/www.pcnen.com\/portal\/wp-json\/wp\/v2\/users\/1"}],"replies":[{"embeddable":true,"href":"https:\/\/www.pcnen.com\/portal\/wp-json\/wp\/v2\/comments?post=55972"}],"version-history":[{"count":0,"href":"https:\/\/www.pcnen.com\/portal\/wp-json\/wp\/v2\/posts\/55972\/revisions"}],"wp:attachment":[{"href":"https:\/\/www.pcnen.com\/portal\/wp-json\/wp\/v2\/media?parent=55972"}],"wp:term":[{"taxonomy":"category","embeddable":true,"href":"https:\/\/www.pcnen.com\/portal\/wp-json\/wp\/v2\/categories?post=55972"},{"taxonomy":"post_tag","embeddable":true,"href":"https:\/\/www.pcnen.com\/portal\/wp-json\/wp\/v2\/tags?post=55972"}],"curies":[{"name":"wp","href":"https:\/\/api.w.org\/{rel}","templated":true}]}}