{"id":55822,"date":"2009-11-25T16:19:09","date_gmt":"2009-11-25T16:19:09","guid":{"rendered":"http:\/\/www.pcnen.com\/portal\/?p=55822"},"modified":"2009-11-25T16:19:09","modified_gmt":"2009-11-25T16:19:09","slug":"pejovic-bez-sudskog-poziva-i-policijske-zastite-video","status":"publish","type":"post","link":"https:\/\/www.pcnen.com\/portal\/2009\/11\/25\/pejovic-bez-sudskog-poziva-i-policijske-zastite-video\/","title":{"rendered":"Pejovi\u0107 bez sudskog poziva i policijske za\u0161tite (video)"},"content":{"rendered":"<p><img height=\\\"108\\\" alt=\\\"Slobodan Pejovic\\\" hspace=\\\"2\\\" src=\\\"http:\/\/www.pcnen.com\/images\/krimi\/slobodan_pejovic_svjedocenje.jpg\\\" width=\\\"195\\\" align=\\\"left\\\" vspace=\\\"1\\\" border=\\\"0\\\" \/>Slobodan Pejovi\u0107, krunski svjedok deportacije gra\u0111ana BiH islamske vjeroispovijesti iz Crne Gore 1992. koji su kasnije likvidirani od strane bosanskih Srba, nije ni danas dobio poziv od Vi&scaron;eg suda u Podgorici pred kojim sjutra po\u010dinje proces optu\u017eenim za deportaciju, biv&scaron;im funkcionerima crnogorske policije.<\/p>\n<p>Pejovi\u0107 je izjavio danas za podgori\u010dki radio <em>Antena M<\/em> da je odbio ponu\u0111enu policijsku za&scaron;titu, najavljenu nakon optu\u017ebi da upravo tajna policija priprema njegovu lkvidaciju, jer ne vjeruje &scaron;efovima javne i tajne policije, Veselinu Veljovi\u0107u i Du&scaron;ku Markovi\u0107u.<\/p>\n<p>&quot;Ne vjerujem Veljovi\u0107u. Ne vjerujem Markovi\u0107u. Ne vjerujem tim slu\u017ebama&quot;, kazao je Pejovi\u0107.<\/p>\n<p>On je otkrio da mu je nu\u0111ena izolacija u Podgorici, dva stana na dva kraja grada, policijski telefon. &quot;Sve je to meni sumnjivo&quot;, kazao je Pejovi\u0107.<\/p>\n<p>Za za&scaron;titu Pejovi\u0107a danas se javno zalo\u017eio Ranko Krivokapi\u0107, predsjednik crnogorskog parlamenta i lider Socijaldemokratske partije, manje \u010dlanice vladaju\u0107e koalicije. On je rekao da treba da se &quot;za&scaron;titi jedan hrabri gra\u0111anin koji poku&scaron;ava da ispravi neke ru\u017ene strane iz pona&scaron;anja dr\u017eave Crne Gore tokom devedesetih godina&quot;. &nbsp;<\/p>\n<p>Pejovi\u0107 je rekao da vjeruje Krivokapi\u0107u, ministru unutra&scaron;njih poslova Ivanu Brajovi\u0107u i specijalnoj tu\u017eiteljici Lidiji Vuk\u010devi\u0107, ali i ocijenio da su njihove mogu\u0107nosti &quot;limitirane&quot;.<\/p>\n<p>Vuk\u010devi\u0107, zamjenica specijalne tu\u017eiteljice za organizovani kriminal, korupciju, terorizam i ratne zlo\u010dine, sjutra bi trebala da sa vrhovnom tu\u017eiteljicom Rankom \u010carapi\u0107 razgovara o mjerama za&scaron;tiite svjedoka Pejovi\u0107a, koji tvrdi da je jedan visoki funkcioner Agencije za nacionalnu bezbjednost pripremao njegovo smaknu\u0107e.<\/p>\n<p>Zbog nepovjerenja u crnogorsku javnu i tajnu policiju, Pejovi\u0107 ne \u017eeli da otkrije nadle\u017enim organima imena osoba koje spremaju njegovu likvidaciju. <\/p>\n<hr \/>\n<p>Pejovi\u0107evo svjedo\u010denje na Tre\u0107em regionanlom forumu <a href=\"http:\/\/www.korekom.org\/webpage\/1\">KOREKOM<br \/><\/a><\/p>\n<div style=\"text-align: center\"><object classid=\"clsid:D27CDB6E-AE6D-11cf-96B8-444553540000\" codebase=\"http:\/\/download.macromedia.com\/pub\/shockwave\/cabs\/flash\/swflash.cab#version=6,0,29,0\" width=\"425\" height=\"344\"><param name=\"movie\" value=\"http:\/\/www.youtube.com\/v\/OF8IQhwzk3k&amp;hl=en_US&amp;fs=1&amp;\" \/><param name=\"quality\" value=\"high\" \/><param name=\"menu\" value=\"false\" \/><param name=\"wmode\" value=\"\" \/><embed src=\"http:\/\/www.youtube.com\/v\/OF8IQhwzk3k&amp;hl=en_US&amp;fs=1&amp;\" wmode=\"\" quality=\"high\" menu=\"false\" pluginspage=\"http:\/\/www.macromedia.com\/go\/getflashplayer\" type=\"application\/x-shockwave-flash\" width=\"425\" height=\"344\"><\/embed><\/object><\/div>\n<p>&nbsp;<\/p>\n","protected":false},"excerpt":{"rendered":"<p><img loading=\"lazy\" decoding=\"async\" height=\"108\" alt=\"Slobodan Pejovic\" hspace=\"2\" src=\"http:\/\/www.pcnen.com\/images\/krimi\/slobodan_pejovic_svjedocenje.jpg\" width=\"195\" align=\"left\" vspace=\"1\" border=\"0\" \/>Slobodan Pejovi\u0107, krunski svjedok deportacije gra\u0111ana BiH islamske vjeroispovijesti iz Crne Gore 1992. koji su kasnije likvidirani od strane bosanskih Srba, nije ni danas dobio poziv od Vi&scaron;eg suda u Podgorici pred kojim sjutra po\u010dinje proces optu\u017eenim za deportaciju, biv&scaron;im funkcionerima crnogorske policije.<\/p>\n<p>Pejovi\u0107 je izjavio danas za podgori\u010dki radio <em>Antena M<\/em> da je odbio ponu\u0111enu policijsku za&scaron;titu, najavljenu nakon optu\u017ebi da upravo tajna policija priprema njegovu lkvidaciju, jer ne vjeruje &scaron;efovima javne i tajne policije, Veselinu Veljovi\u0107u i Du&scaron;ku Markovi\u0107u.<\/p>\n","protected":false},"author":1,"featured_media":0,"comment_status":"open","ping_status":"closed","sticky":false,"template":"","format":"standard","meta":{"_seopress_robots_primary_cat":"","_seopress_titles_title":"","_seopress_titles_desc":"","_seopress_robots_index":"","_et_pb_use_builder":"","_et_pb_old_content":"","_et_gb_content_width":"","inline_featured_image":false,"footnotes":""},"categories":[12],"tags":[],"class_list":["post-55822","post","type-post","status-publish","format-standard","hentry","category-prica-dana"],"_links":{"self":[{"href":"https:\/\/www.pcnen.com\/portal\/wp-json\/wp\/v2\/posts\/55822","targetHints":{"allow":["GET"]}}],"collection":[{"href":"https:\/\/www.pcnen.com\/portal\/wp-json\/wp\/v2\/posts"}],"about":[{"href":"https:\/\/www.pcnen.com\/portal\/wp-json\/wp\/v2\/types\/post"}],"author":[{"embeddable":true,"href":"https:\/\/www.pcnen.com\/portal\/wp-json\/wp\/v2\/users\/1"}],"replies":[{"embeddable":true,"href":"https:\/\/www.pcnen.com\/portal\/wp-json\/wp\/v2\/comments?post=55822"}],"version-history":[{"count":0,"href":"https:\/\/www.pcnen.com\/portal\/wp-json\/wp\/v2\/posts\/55822\/revisions"}],"wp:attachment":[{"href":"https:\/\/www.pcnen.com\/portal\/wp-json\/wp\/v2\/media?parent=55822"}],"wp:term":[{"taxonomy":"category","embeddable":true,"href":"https:\/\/www.pcnen.com\/portal\/wp-json\/wp\/v2\/categories?post=55822"},{"taxonomy":"post_tag","embeddable":true,"href":"https:\/\/www.pcnen.com\/portal\/wp-json\/wp\/v2\/tags?post=55822"}],"curies":[{"name":"wp","href":"https:\/\/api.w.org\/{rel}","templated":true}]}}