{"id":55529,"date":"2008-10-15T16:51:05","date_gmt":"2008-10-15T16:51:05","guid":{"rendered":"http:\/\/www.pcnen.com\/portal\/?p=55529"},"modified":"2008-10-15T16:51:05","modified_gmt":"2008-10-15T16:51:05","slug":"dukanovic-necemo-povuci-odluku","status":"publish","type":"post","link":"https:\/\/www.pcnen.com\/portal\/2008\/10\/15\/dukanovic-necemo-povuci-odluku\/","title":{"rendered":"\u0110ukanovi\u0107: Ne\u0107emo povu\u0107i odluku"},"content":{"rendered":"<p>Premijer Milo \u0110ukanovi\u0107 izjavio je danas u Skup&scaron;tini Crne Gore da Vlada ne\u0107e povu\u0107i svoju odluku o priznanju Kosova, dodaju\u0107i da &quot;odluka nije bila ishitrena&quot;.<\/p>\n<p>&quot;Sigurni smo da \u0107e to potvrditi i vrijeme koje je pred nama&quot;, kazao je \u0110ukanovi\u0107.<\/p>\n<p>&quot;Odluku smo donijeli kada smo&nbsp;ustanovli da ne mo\u017eemo ni pomo\u0107i ni odmo\u0107i Srbiji&quot;, rekao je \u0110ukanovi\u0107 i podsjetio da&nbsp;je ve\u0107&nbsp; 51 dr\u017eava priznala Kosovo u trenutku kada je Vlada donijela odluku.<\/p>\n<p>On je rekao da ne postoje nikakvi &quot;privatni, tajni razlozi&quot; za odluku Vlade da prizna Kosovo.<\/p>\n<p>&quot;Li\u010dno, nemam nikakvih privatnih interesa, ni u Srbiji, ni na Kosovu&quot;, rekao je \u0110ukanovi\u0107, odgovaraju\u0107i na pitanje poslani\u010dkog kluba Demokratske partije socijalista, u okviru premijerskog sata.<\/p>\n<p>\u0110ukanovi\u0107 je pozvao sve koji to tvrde, da pokrenu sudski postupak za utvr\u0111ivanje \u010dinjenica. &quot;Sve do tada \u0107u sve te tvrdnje smatrati spekulacijama i izmi&scaron;ljotinama i na njih vise ne\u0107u reagovati&quot;, rekao je \u0110ukanovi\u0107.<\/p>\n<p>\u0110ukanovi\u0107 je kazao da \u0107e Crna Gora &quot;i dalje graditi dobre odnose sa svim susjedima, po\u010dev od Srbije&quot;.<\/p>\n<p>Po&scaron;to je \u0110ukanovi\u0107 odgovorio na prvo pitanje, nastavljena je polemika zbog njegovog pominjanja &quot;&Scaron;ilerove ulice&quot; &scaron;to je opozicija shvatila kao aluziju na ranije pominjanje poslanika Pokreta za promjene Neboj&scaron;e Medojevi\u0107a zbog njegovih navodnih poslovnih veza sa &quot;zemunskim klanom&quot; u Beogradu.<\/p>\n<p>Medojevi\u0107 je od predsjednika parlamenta Ranka Krivokapi\u0107a tra\u017eio da poslanike &scaron;titi &quot;od gostiju&quot;, odnosno da je trebalo da \u0110ukanovi\u0107a opomene, kako je naveo, zbog njegovih &quot;gnusnih neistina&quot; o Medojevi\u0107u.<\/p>\n<p>Sjednica parlamenta je nastavljena odgovorima premijera \u0110ukanovi\u0107a na druga pitanja poslani\u010dkih klubova.<\/p>\n<p><strong>Pauza zbog &quot;naoru\u017eanih osoba&quot; u parlamentu <\/strong>(15. Oct 2008, 14:07) <\/p>\n<p>Sjednica crnogorskog parlamenta posve\u0107ena premijerskom satu i poslani\u010dkim pitanjima, po\u010dela je nakon dvosatnog zaka&scaron;njenja i ubrzo prekinuta na zahtjev opozicije.<\/p>\n<p>Poslanik Pokreta za promjene Goran Batri\u0107evi\u0107 zatra\u017eio je pauzu da bi se na Kolegijumu predsjednika parlamenta razjasnili razlozi za &quot;protivpravno uvo\u0111enje vanrednih mjera u zgradi parlamenta&quot;. <\/p>\n<p>I poslanici Socijalisti\u010dke naroddne partije, Srpske liste i Narodne stranke negodovali su &quot;zbog naoru\u017eanih ljudi u parlamentu&quot;.<\/p>\n<p>Predsjednik Skup&scaron;tine Ranko Krivokapi\u0107 objasnio je da su u pitanjupripadnici redovnog skup&scaron;tinskog obezbje\u0111enja, da je o posebnim bezbijednosnim mjerama jutros ve\u0107 razgovarano na kolegijumu, ali je uva\u017eio zahtjev opozicije i dao polusatnu pauzu za novi sastanak Kolegijuma.<\/p>\n<p><strong>Premijer \u0110ukanovi\u0107 pred poslanicima<\/strong> (5. Oct 2008, 09:37)<\/p>\n<p>Danas zasijeda crnogorski parlament, a predvi]eno je da premijer Milo \u0110jukanovi\u0107, u okviru poslovnikom predvi\u0111enog premijerskog sata, odgovarati na poslani\u010dka pitanja tokom \u010dega opozicija o\u010dekuje njegov odgovor na zahtjeve, upu\u0107ene vlastima sa protesta u Podgorici, da Vlada poni&scaron;ti odluku o priznavanju Kosova i raspi&scaron;e referendum.<\/p>\n<p>Potpuno je izvjesno, nakon izjava zvani\u010dnika, da \u0107e zahtjevi opozicije biti odbijeni, uklju\u010duju\u0107i i onaj o rapisivanju vanrednih izbora za kraj ove godine.<\/p>\n","protected":false},"excerpt":{"rendered":"<p>Premijer Milo \u0110ukanovi\u0107 izjavio je danas u Skup&scaron;tini Crne Gore da Vlada ne\u0107e povu\u0107i svoju odluku o priznanju Kosova, dodaju\u0107i da &quot;odluka nije bila ishitrena&quot;.<\/p>\n<p>&quot;Sigurni smo da \u0107e to potvrditi i vrijeme koje je pred nama&quot;, kazao je \u0110ukanovi\u0107.<\/p>\n","protected":false},"author":1,"featured_media":0,"comment_status":"open","ping_status":"closed","sticky":false,"template":"","format":"standard","meta":{"_seopress_robots_primary_cat":"","_seopress_titles_title":"","_seopress_titles_desc":"","_seopress_robots_index":"","_et_pb_use_builder":"","_et_pb_old_content":"","_et_gb_content_width":"","inline_featured_image":false,"footnotes":""},"categories":[12],"tags":[],"class_list":["post-55529","post","type-post","status-publish","format-standard","hentry","category-prica-dana"],"_links":{"self":[{"href":"https:\/\/www.pcnen.com\/portal\/wp-json\/wp\/v2\/posts\/55529","targetHints":{"allow":["GET"]}}],"collection":[{"href":"https:\/\/www.pcnen.com\/portal\/wp-json\/wp\/v2\/posts"}],"about":[{"href":"https:\/\/www.pcnen.com\/portal\/wp-json\/wp\/v2\/types\/post"}],"author":[{"embeddable":true,"href":"https:\/\/www.pcnen.com\/portal\/wp-json\/wp\/v2\/users\/1"}],"replies":[{"embeddable":true,"href":"https:\/\/www.pcnen.com\/portal\/wp-json\/wp\/v2\/comments?post=55529"}],"version-history":[{"count":0,"href":"https:\/\/www.pcnen.com\/portal\/wp-json\/wp\/v2\/posts\/55529\/revisions"}],"wp:attachment":[{"href":"https:\/\/www.pcnen.com\/portal\/wp-json\/wp\/v2\/media?parent=55529"}],"wp:term":[{"taxonomy":"category","embeddable":true,"href":"https:\/\/www.pcnen.com\/portal\/wp-json\/wp\/v2\/categories?post=55529"},{"taxonomy":"post_tag","embeddable":true,"href":"https:\/\/www.pcnen.com\/portal\/wp-json\/wp\/v2\/tags?post=55529"}],"curies":[{"name":"wp","href":"https:\/\/api.w.org\/{rel}","templated":true}]}}