{"id":55497,"date":"2008-09-03T18:41:32","date_gmt":"2008-09-03T18:41:32","guid":{"rendered":"http:\/\/www.pcnen.com\/portal\/?p=55497"},"modified":"2008-09-03T18:41:32","modified_gmt":"2008-09-03T18:41:32","slug":"vojni-avion-zapeo-za-dalekovod-i-pao-u-jezero","status":"publish","type":"post","link":"https:\/\/www.pcnen.com\/portal\/2008\/09\/03\/vojni-avion-zapeo-za-dalekovod-i-pao-u-jezero\/","title":{"rendered":"Vojni avion zapeo za dalekovod i pao u jezero"},"content":{"rendered":"<p><img height=\\\"112\\\" alt=\\\"Utva-75 u letu\/arhiva\\\" hspace=\\\"2\\\" src=\\\"http:\/\/www.pcnen.com\/images\/19\/utve.jpg\\\" width=\\\"130\\\" align=\\\"left\\\" vspace=\\\"1\\\" border=\\\"0\\\" \/>Avion UTVA-75 iz sastava Vazduhoplovne baze Vojske Crne Gore, prinudno je danas sletio na vodu u reonu Rijeke Crnojevi\u0107a, saop&scaron;tilo je Ministarstvo odbrane.&nbsp;<\/p>\n<p>Posada aviona, major Bojan Blagojevi\u0107 i poru\u010dnik Bojan Popadi\u0107 lak&scaron;e su povrije\u0111eni i medicinski su zbrinuti, dok je avion potopljen na maloj dubini.<\/p>\n<p>TV <em>Vijesti <\/em>su javile da je avion zaka\u010dio \u017eice dalekovoda Podgorica &#8211; Budva i pao u vodu, &scaron;to je potvrdio jedan o\u010devidac.&nbsp;<\/p>\n<p>Avion je bio na redovnom leta\u010dkom zadatku.<\/p>\n<p>Komandant Vazduhoplovne baze Vojske Crne Gore je formirao komisiju koja treba da ispita uzroke udesa, zvani\u010dno je saop&scaron;teno. <\/p>\n","protected":false},"excerpt":{"rendered":"<p><img loading=\"lazy\" decoding=\"async\" height=\"112\" alt=\"Utva-75 u letu\/arhiva\" hspace=\"2\" src=\"http:\/\/www.pcnen.com\/images\/19\/utve.jpg\" width=\"130\" align=\"left\" vspace=\"1\" border=\"0\" \/>Avion UTVA-75 iz sastava Vazduhoplovne baze Vojske Crne Gore, prinudno je danas sletio na vodu u reonu Rijeke Crnojevi\u0107a, saop&scaron;tilo je Ministarstvo odbrane.&nbsp;<\/p>\n<p>Posada aviona, major Bojan Blagojevi\u0107 i poru\u010dnik Bojan Popadi\u0107 lak&scaron;e su povrije\u0111eni i medicinski su zbrinuti, dok je avion potopljen na maloj dubini.<\/p>\n<p>TV <em>Vijesti <\/em>su javile da je avion zaka\u010dio \u017eice dalekovoda Podgorica &#8211; Budva i pao u vodu, &scaron;to je potvrdio jedan o\u010devidac.&nbsp;<\/p>\n","protected":false},"author":1,"featured_media":0,"comment_status":"open","ping_status":"closed","sticky":false,"template":"","format":"standard","meta":{"_seopress_robots_primary_cat":"","_seopress_titles_title":"","_seopress_titles_desc":"","_seopress_robots_index":"","_et_pb_use_builder":"","_et_pb_old_content":"","_et_gb_content_width":"","inline_featured_image":false,"footnotes":""},"categories":[12],"tags":[],"class_list":["post-55497","post","type-post","status-publish","format-standard","hentry","category-prica-dana"],"_links":{"self":[{"href":"https:\/\/www.pcnen.com\/portal\/wp-json\/wp\/v2\/posts\/55497","targetHints":{"allow":["GET"]}}],"collection":[{"href":"https:\/\/www.pcnen.com\/portal\/wp-json\/wp\/v2\/posts"}],"about":[{"href":"https:\/\/www.pcnen.com\/portal\/wp-json\/wp\/v2\/types\/post"}],"author":[{"embeddable":true,"href":"https:\/\/www.pcnen.com\/portal\/wp-json\/wp\/v2\/users\/1"}],"replies":[{"embeddable":true,"href":"https:\/\/www.pcnen.com\/portal\/wp-json\/wp\/v2\/comments?post=55497"}],"version-history":[{"count":0,"href":"https:\/\/www.pcnen.com\/portal\/wp-json\/wp\/v2\/posts\/55497\/revisions"}],"wp:attachment":[{"href":"https:\/\/www.pcnen.com\/portal\/wp-json\/wp\/v2\/media?parent=55497"}],"wp:term":[{"taxonomy":"category","embeddable":true,"href":"https:\/\/www.pcnen.com\/portal\/wp-json\/wp\/v2\/categories?post=55497"},{"taxonomy":"post_tag","embeddable":true,"href":"https:\/\/www.pcnen.com\/portal\/wp-json\/wp\/v2\/tags?post=55497"}],"curies":[{"name":"wp","href":"https:\/\/api.w.org\/{rel}","templated":true}]}}