{"id":55057,"date":"2006-11-03T15:40:06","date_gmt":"2006-11-03T15:40:06","guid":{"rendered":"http:\/\/www.pcnen.com\/portal\/?p=55057"},"modified":"2006-11-03T15:40:06","modified_gmt":"2006-11-03T15:40:06","slug":"ceku-ocekujem-nezavisno-kosovo","status":"publish","type":"post","link":"https:\/\/www.pcnen.com\/portal\/2006\/11\/03\/ceku-ocekujem-nezavisno-kosovo\/","title":{"rendered":"\u010ceku: O\u010dekujem nezavisno Kosovo"},"content":{"rendered":"<p><img height=\\\"120\\\" alt=\\\" \\\" hspace=\\\"5\\\" src=\\\"http:\/\/www.pcnen.com\/images\/portreti\/aceku.jpg\\\" width=\\\"83\\\" align=\\\"left\\\" vspace=\\\"1\\\" border=\\\"1\\\" \/>Kosovski premijer Agim \u010ceku rekao je danas u Podgorici da \u0107e Kosovo vrlo brzo biti nezavisno, da \u0107e garantovati prava manjinskim narodima i da \u0107e tu nezavisnost nadzirati me\u0111junarodna zajednica. <\/p>\n<p>\u010ceku je na konferenciji za novinare, poslije susreta sa crnogorskim premijerom Milom \u0110ukanovi\u0107em, kazao da je to jedino odr\u017eivo i najbolje rje&scaron;enje za sve gra\u0111ane i Kosova i regiona. <\/p>\n<p><strong><br \/><\/strong>Djukanovi\u0107 je kazao da je za Crnu Goru prihvatljivo bilo koje re&scaron;enje do kojeg do\u0111u Beograd, Pri&scaron;tina i me\u0111unarodna zajednica, a da je Crna Gora zainteresovana za rje&scaron;avanje pitanja statusa Kosova bez odlaganja.<\/p>\n<p>\u0110ukanovi\u0107 je o&scaron;tre kritike crnogorske opozicije i dijela srpske javnosti na dolazak \u010cekua nazvao ksenofobi\u010dnim i autisti\u010dnim, dodav&scaron;i da je najve\u0107i interes Crne Gore dobra saradnja sa susjedima i da je posejta \u010cekua u toj funkciji. <\/p>\n<p>\u010ceku se sastao i sa ministrom inostranih poslova Miodragom Vlahovi\u0107em, a u toku dana treba da razgovara sa ministrom rada i socijalnog staranja Slavoljubom Stijepovi\u0107em i sa komesarom za raseljena lica \u017deljkom &Scaron;ofrancem, nakon \u010dega putuje u Ulcinj na sastanak sa liderima albanskih stranaka u Crnoj Gori. <\/p>\n<p><strong>\u010ceku danas u Podgorici i Ulcinju<\/strong> (03. Nov 2006, 10:13)<\/p>\n<p>Predsjednik Vlade Kosova Agim \u010ceku i predstavnik UNMIK-a Denis Be\u010dedi\u0107 sasta\u0107e se danas sa najvi&scaron;im crnogorskim zvani\u010dnicima i liderima albanskih parlamentarnih partija. <\/p>\n<p>\u010ceku u Crnu Gori dolazi na poziv odlaze\u0107eg premijera Mila \u0110ukanovi\u0107a koji mu&nbsp; je upu\u0107en prilikom nedavnog susreta u Parizu. <\/p>\n<p>Posjeta Agima \u010cekua je prva zvani\u010dna posjeta jednog kosovskog zvani\u010dnika Crnoj Gori, od formiranja privremenih institucija na Kosovu.<\/p>\n<p>\u010ceku \u0107e u Podgorici razgovarati sa predsjednikom Skup&scaron;tine Crne Gore Rankom Krivokapi\u0107em, odlaze\u0107im premijerom Milom \u0110ukanovi\u0107em, ministrom inostranih poslova Miodragom Vlahovi\u0107em i ministrom rada Slavoljubom Stijepovi\u0107em, najavljeno je iz crnogorske vlade i parlamenta.<\/p>\n<p>Predsjednik Vlade Kosova sasta\u0107e se i sa crnogorskim komesarom za raseljena lica \u017deljkom &Scaron;ofrancem.<\/p>\n<p>Poslije susreta \u0110ukanovi\u0107-\u010ceku planirana je konferencija za novinare u podgori\u010dkoj vili <em>Gorica<\/em>. <\/p>\n<p>\u010ceku \u0107e danas popodne posjetiti Ulcinj gdje je u zgradi Skup&scaron;tine op&scaron;tine predvi\u0111en susret sa liderima albanskih parlamentarnih stranaka.<\/p>\n<p>Lider Demokratske unije Albanaca Ferhat Dino&scaron;a kazao je ju\u010de agenciji <em>Beta <\/em>da o\u010dekuje da \u0107e tema razgovora biti &quot;finalizacija rje&scaron;enja statusa Kosova&quot;.<\/p>\n<p>Predsjednik Demokratskog saveza u Crnoj Gori Mehmet Bardhi je rekao agenciji <em>Beta<\/em> da je posjeta \u010cekua &quot;zna\u010dajan datum&quot; i da je ona u funkciji intenziviranja odnosa Kosova i Crne Gore. &quot;To je i za Albance u Crnoj Gori dobar signal&quot;, dodao je Bardhi.<\/p>\n<table style=\"height: 266px; background-color: #ffcc99\" width=\"420\" align=\"center\" border=\"0\">\n<tbody>\n<tr>\n<td><strong><em>Protest&nbsp;opozicije zbog<\/em><\/strong> <strong><em>dolaska \u010cekukua<\/em><\/strong> <\/p>\n<p>Srpska lista je <a href=\"http:\/\/www.pcnen.com\/detail.php?module=2&amp;news_id=19955\">ocijenila<\/a> da \u010ceku nije zaslu\u017eio gostoprimstvo u Crnoj Gori i najavila da \u0107e njihov poslani\u010dki klub danas kod spomenika kralju Nikoli ispred parlamenta odr\u017eati protestnu konferenciju za novinare. <\/p>\n<p>Socijalisti\u010dka narodna partija <a href=\"http:\/\/www.pcnen.com\/detail.php?module=2&amp;news_id=19956\">ocijenila<\/a> je da \u0110ukanovi\u0107ev poziv &quot;osvjedo\u010denom predstavniku kosovskih ekstremista&quot;, predstavlja &quot;najgrublji vid podr&scaron;ke, i stavljanje na stranu onih snaga koje \u017eele otcjepljenje Kosova i Metohije od Srbije&quot;. <\/p>\n<p>Narodna stranka o&scaron;tro je <a href=\"http:\/\/www.pcnen.com\/detail.php?module=2&amp;news_id=19944\">protestovala<\/a> zbog dolaska \u010cekua, ocijeniv&scaron;i da Crna Gora time otvoreno prejudicira kona\u010dan status Kosova i prihvata ga kao samostalnu dr\u017eavu.<\/p>\n<p><a href=\"http:\/\/www.pcnen.com\/detail.php?module=2&amp;news_id=19951\">Protestovalo<\/a> je i Udru\u017eenje raseljenih i izbjeglih sa Kosova koji borave u Crnoj Gori. <\/p>\n<\/td>\n<\/tr>\n<\/tbody>\n<\/table>\n","protected":false},"excerpt":{"rendered":"<p><img loading=\"lazy\" decoding=\"async\" height=\"120\" alt=\" \" hspace=\"5\" src=\"http:\/\/www.pcnen.com\/images\/portreti\/aceku.jpg\" width=\"83\" align=\"left\" vspace=\"1\" border=\"1\" \/>Kosovski premijer Agim \u010ceku rekao je danas u Podgorici da \u0107e Kosovo vrlo brzo biti nezavisno, da \u0107e garantovati prava manjinskim narodima i da \u0107e tu nezavisnost nadzirati me\u0111junarodna zajednica. <\/p>\n<p>\u010ceku je na konferenciji za novinare, poslije susreta sa crnogorskim premijerom Milom \u0110ukanovi\u0107em, kazao da je to jedino odr\u017eivo i najbolje rje&scaron;enje za sve gra\u0111ane i Kosova i regiona. <\/p>\n","protected":false},"author":1,"featured_media":0,"comment_status":"open","ping_status":"closed","sticky":false,"template":"","format":"standard","meta":{"_seopress_robots_primary_cat":"","_seopress_titles_title":"","_seopress_titles_desc":"","_seopress_robots_index":"","_et_pb_use_builder":"","_et_pb_old_content":"","_et_gb_content_width":"","inline_featured_image":false,"footnotes":""},"categories":[12],"tags":[],"class_list":["post-55057","post","type-post","status-publish","format-standard","hentry","category-prica-dana"],"_links":{"self":[{"href":"https:\/\/www.pcnen.com\/portal\/wp-json\/wp\/v2\/posts\/55057","targetHints":{"allow":["GET"]}}],"collection":[{"href":"https:\/\/www.pcnen.com\/portal\/wp-json\/wp\/v2\/posts"}],"about":[{"href":"https:\/\/www.pcnen.com\/portal\/wp-json\/wp\/v2\/types\/post"}],"author":[{"embeddable":true,"href":"https:\/\/www.pcnen.com\/portal\/wp-json\/wp\/v2\/users\/1"}],"replies":[{"embeddable":true,"href":"https:\/\/www.pcnen.com\/portal\/wp-json\/wp\/v2\/comments?post=55057"}],"version-history":[{"count":0,"href":"https:\/\/www.pcnen.com\/portal\/wp-json\/wp\/v2\/posts\/55057\/revisions"}],"wp:attachment":[{"href":"https:\/\/www.pcnen.com\/portal\/wp-json\/wp\/v2\/media?parent=55057"}],"wp:term":[{"taxonomy":"category","embeddable":true,"href":"https:\/\/www.pcnen.com\/portal\/wp-json\/wp\/v2\/categories?post=55057"},{"taxonomy":"post_tag","embeddable":true,"href":"https:\/\/www.pcnen.com\/portal\/wp-json\/wp\/v2\/tags?post=55057"}],"curies":[{"name":"wp","href":"https:\/\/api.w.org\/{rel}","templated":true}]}}