{"id":55037,"date":"2006-10-06T16:38:40","date_gmt":"2006-10-06T16:38:40","guid":{"rendered":"http:\/\/www.pcnen.com\/portal\/?p=55037"},"modified":"2006-10-06T16:38:40","modified_gmt":"2006-10-06T16:38:40","slug":"da-bi-sjeo-mora-da-ustane","status":"publish","type":"post","link":"https:\/\/www.pcnen.com\/portal\/2006\/10\/06\/da-bi-sjeo-mora-da-ustane\/","title":{"rendered":"Da bi sjeo, mora da ustane"},"content":{"rendered":"<p><img height=\\\"134\\\" alt=\\\" \\\" hspace=\\\"5\\\" src=\\\"http:\/\/www.pcnen.com\/images\/parlamentsjedenje.jpg\\\" width=\\\"200\\\" align=\\\"left\\\" vspace=\\\"1\\\" border=\\\"1\\\" \/>Glavni odbor Demokratske partije socijalista obavezao je svoj Klub poslanika da ne podr\u017ei kandidata&nbsp;Srpske liste i koalicije SNP-NS-DSS za potpredsjednika parlamenta, jer poslanici tih stranaka nijesu ustali prilikom intoniranja himne u parlamentu.&nbsp;<\/p>\n<p>\u010clanovi Glavnog odbora su, na&nbsp;sjednici odr\u017eanoj sino\u0107,&nbsp; aklamacijom prihvatili ovu inicijativu Vojina \u0110ukanovi\u0107a, saznaje <em>Radio Antena M.<\/em><\/p>\n<p>SDP je takav stav saop&scaron;tila jo&scaron; ranije i nije ga promijenila, potvrdio je potpredsjednik stranke Ivan Brajovi\u0107. &quot;Ja mogu samo da ponovim na&scaron; ve\u0107 izre\u010deni stav. Mi svakako ne\u0107emo glasati za to da dr\u017eavu predstavlja neko ko je ne priznaje, ko ne priznaje njene simbole i njene institucije&quot;, rekao je on.<\/p>\n<p>U opozicionim partijama koje bi vladaju\u0107a koalicija podr\u017eala, za potpredsjedni\u010dko mjesto u Skup&scaron;tini jedino je zainteresovana Bo&scaron;nja\u010dka stranka.<\/p>\n<p>Prema saznanjima <em>Antene M<\/em>, vladaju\u0107a koalicija ponudi\u0107e podr&scaron;ku eventualnom kandidatu Bo&scaron;nja\u010dke stranke, a Pokret za promjene je odbio takvu ponudu.<\/p>\n<p>Lider PzP Neboj&scaron;a Medojevi\u0107 ka\u017eao je radiju da im mjesto potpredsjednika parlamenta nije nu\u0111eno, ali da za to nijesu ni zainteresovani. Medojevi\u0107 je podsjetio da je odmah nakon izbora rekao predstavnicima opozicije, Andriji Mandi\u0107u i Predragu Bulatovi\u0107u da Pokret ne \u017eeli mjesto potpredsjednika parlamenta, ve\u0107 predsjednika odbora za bezbjednost i odbranu, ili za bud\u017eet i finansije.<\/p>\n<p>Nezainteresovanost za potpredsjedni\u010dko mjesto u parlamentu Medojevi\u0107 obja&scaron;njava nedovoljnim iskustvom poslanika PzP.<\/p>\n<p>Predsjednik Bo&scaron;nja\u010dke stranke Rafet Husovi\u0107 ka\u017ee da u toj partiji nijesu razmi&scaron;ljali o mjestu potpredsjednika Skup&scaron;tine, jer su smatrali da to pripada Pokretu za promjene, Srpskoj listi ili koaliciji SNP-NS-DSS, ali&nbsp;ne bi imali ni&scaron;ta protiv&nbsp;ako bi neko odlu\u010dio da im ustupi to mjesto. &quot;Za&scaron;to ne bi prihvatili tu ponudu. Sigurno bi prihvatili tu funkciju i mislim da bi doprinijeli razvoju demokratije u Crnoj Gori&quot;, rekao je Husovi\u0107.<\/p>\n<p>U koaliciji Bo&scaron;njaka i&nbsp;Liberalnoj partiji ne razmi&scaron;ljaju o mjestu potpredsjednika parlamenta. Prema rije\u010dima predsjednik LP Miodrag \u017divkovi\u0107, to mjesto treba da pripadne Pokretu za promjene.<\/p>\n<p>Iako je predsjednik Skup&scaron;tine Ranko Krivokapi\u0107 najavio da \u0107e do kraja sedmice biti poznat datum nastavka sjednice, na kojoj treba da budu izabrani potpredsjednici parlamenta, do danas nije poznato ni ko su kandidati ni koliko \u0107e ih biti.<\/p>\n","protected":false},"excerpt":{"rendered":"<p><img loading=\"lazy\" decoding=\"async\" height=\"134\" alt=\" \" hspace=\"5\" src=\"http:\/\/www.pcnen.com\/images\/parlamentsjedenje.jpg\" width=\"200\" align=\"left\" vspace=\"1\" border=\"1\" \/>Glavni odbor Demokratske partije socijalista obavezao je svoj Klub poslanika da ne podr\u017ei kandidata&nbsp;Srpske liste i koalicije SNP-NS-DSS za potpredsjednika parlamenta, jer poslanici tih stranaka nijesu ustali prilikom intoniranja himne u parlamentu.&nbsp;<\/p>\n<p>\u010clanovi Glavnog odbora su, na&nbsp;sjednici odr\u017eanoj sino\u0107,&nbsp; aklamacijom prihvatili ovu inicijativu Vojina \u0110ukanovi\u0107a, saznaje <em>Radio Antena M.<\/em><\/p>\n","protected":false},"author":1,"featured_media":0,"comment_status":"open","ping_status":"closed","sticky":false,"template":"","format":"standard","meta":{"_seopress_robots_primary_cat":"","_seopress_titles_title":"","_seopress_titles_desc":"","_seopress_robots_index":"","_et_pb_use_builder":"","_et_pb_old_content":"","_et_gb_content_width":"","inline_featured_image":false,"footnotes":""},"categories":[12],"tags":[],"class_list":["post-55037","post","type-post","status-publish","format-standard","hentry","category-prica-dana"],"_links":{"self":[{"href":"https:\/\/www.pcnen.com\/portal\/wp-json\/wp\/v2\/posts\/55037","targetHints":{"allow":["GET"]}}],"collection":[{"href":"https:\/\/www.pcnen.com\/portal\/wp-json\/wp\/v2\/posts"}],"about":[{"href":"https:\/\/www.pcnen.com\/portal\/wp-json\/wp\/v2\/types\/post"}],"author":[{"embeddable":true,"href":"https:\/\/www.pcnen.com\/portal\/wp-json\/wp\/v2\/users\/1"}],"replies":[{"embeddable":true,"href":"https:\/\/www.pcnen.com\/portal\/wp-json\/wp\/v2\/comments?post=55037"}],"version-history":[{"count":0,"href":"https:\/\/www.pcnen.com\/portal\/wp-json\/wp\/v2\/posts\/55037\/revisions"}],"wp:attachment":[{"href":"https:\/\/www.pcnen.com\/portal\/wp-json\/wp\/v2\/media?parent=55037"}],"wp:term":[{"taxonomy":"category","embeddable":true,"href":"https:\/\/www.pcnen.com\/portal\/wp-json\/wp\/v2\/categories?post=55037"},{"taxonomy":"post_tag","embeddable":true,"href":"https:\/\/www.pcnen.com\/portal\/wp-json\/wp\/v2\/tags?post=55037"}],"curies":[{"name":"wp","href":"https:\/\/api.w.org\/{rel}","templated":true}]}}