{"id":55017,"date":"2006-08-30T14:37:50","date_gmt":"2006-08-30T14:37:50","guid":{"rendered":"http:\/\/www.pcnen.com\/portal\/?p=55017"},"modified":"2006-08-30T14:37:50","modified_gmt":"2006-08-30T14:37:50","slug":"ukinuto-sluzenje-vojske-u-crnoj-gori","status":"publish","type":"post","link":"https:\/\/www.pcnen.com\/portal\/2006\/08\/30\/ukinuto-sluzenje-vojske-u-crnoj-gori\/","title":{"rendered":"Ukinuto slu\u017eenje vojske u Crnoj Gori"},"content":{"rendered":"<p><img height=\\\"78\\\" alt=\\\" \\\" hspace=\\\"5\\\" src=\\\"http:\/\/www.pcnen.com\/images\/ostalo\/vojska.jpg\\\" width=\\\"127\\\" align=\\\"left\\\" vspace=\\\"1\\\" border=\\\"0\\\" \/>Predsjednik Crne Gore Filip Vujanovi\u0107 je obznanio danas svoju odluku o ukidalju regrutne i obaveze slu\u017eenja vojnog roka, a na\u010delnik Generl&scaron;taba Vojske Crne Gore, general- potpukovnik Jovan Lak\u010devi\u0107 je rekao&nbsp;da \u0107e se do 5. septembra vratiti ku\u0107ama svi koji su trenutno na odslu\u017eanju vojnog roka.<\/p>\n<p>Nakon razgovora sa na\u010delnikom&nbsp;General&scaron;taba, predsjednik Vujanovi\u0107 je danas na Cetinju&nbsp;rekao novinarima da je odluku donio poslije konsultacija sa premijerom Milom&nbsp;\u0110ukanovi\u0107em, koji&nbsp;je&nbsp;i ministar odbrane.<\/p>\n<p>Predsjednik Crne Gore je saop&scaron;tio da trenutno u&nbsp;Vojsci Crne Gore zaposleno 2.998 osoba a da ih je u maju 2004. godine bilo 6.668. On je rekao da smanjenje broja profesionalaca nije&nbsp;stvorio socijalne probleme, jer je bilo novca od prodaje vojne imovine.<\/p>\n<p>Predsjednik Vujanovi\u0107 je rekao da su pripremljeni zakoni o vojsci i odbrani, i izrazio o\u010dekivanje da \u0107e ih usvojiti novi saziv crnogorskog parlamenta na prvoj sjednici. <\/p>\n<p>Na\u010delnih General&scaron;taba je kazao da trenutno Vojska Crne Gore ima oko 2.500&nbsp;ljudi, kao i da \u0107e biti sa\u010duvana sva tri njena&nbsp;roda. Lak\u010devi\u0107 je kazao da to ne\u0107e biti klasi\u010dni rodovi,&nbsp;kao i da \u0107e osnovne&nbsp;vojne formacije biti &#8211; bataljon, divizion i&nbsp;eskadrila.<\/p>\n","protected":false},"excerpt":{"rendered":"<p><img loading=\"lazy\" decoding=\"async\" height=\"78\" alt=\" \" hspace=\"5\" src=\"http:\/\/www.pcnen.com\/images\/ostalo\/vojska.jpg\" width=\"127\" align=\"left\" vspace=\"1\" border=\"0\" \/>Predsjednik Crne Gore Filip Vujanovi\u0107 je obznanio danas svoju odluku o ukidalju regrutne i obaveze slu\u017eenja vojnog roka, a na\u010delnik Generl&scaron;taba Vojske Crne Gore, general- potpukovnik Jovan Lak\u010devi\u0107 je rekao&nbsp;da \u0107e se do 5. septembra vratiti ku\u0107ama svi koji su trenutno na odslu\u017eanju vojnog roka.<\/p>\n","protected":false},"author":1,"featured_media":0,"comment_status":"open","ping_status":"closed","sticky":false,"template":"","format":"standard","meta":{"_seopress_robots_primary_cat":"","_seopress_titles_title":"","_seopress_titles_desc":"","_seopress_robots_index":"","_et_pb_use_builder":"","_et_pb_old_content":"","_et_gb_content_width":"","inline_featured_image":false,"footnotes":""},"categories":[12],"tags":[],"class_list":["post-55017","post","type-post","status-publish","format-standard","hentry","category-prica-dana"],"_links":{"self":[{"href":"https:\/\/www.pcnen.com\/portal\/wp-json\/wp\/v2\/posts\/55017","targetHints":{"allow":["GET"]}}],"collection":[{"href":"https:\/\/www.pcnen.com\/portal\/wp-json\/wp\/v2\/posts"}],"about":[{"href":"https:\/\/www.pcnen.com\/portal\/wp-json\/wp\/v2\/types\/post"}],"author":[{"embeddable":true,"href":"https:\/\/www.pcnen.com\/portal\/wp-json\/wp\/v2\/users\/1"}],"replies":[{"embeddable":true,"href":"https:\/\/www.pcnen.com\/portal\/wp-json\/wp\/v2\/comments?post=55017"}],"version-history":[{"count":0,"href":"https:\/\/www.pcnen.com\/portal\/wp-json\/wp\/v2\/posts\/55017\/revisions"}],"wp:attachment":[{"href":"https:\/\/www.pcnen.com\/portal\/wp-json\/wp\/v2\/media?parent=55017"}],"wp:term":[{"taxonomy":"category","embeddable":true,"href":"https:\/\/www.pcnen.com\/portal\/wp-json\/wp\/v2\/categories?post=55017"},{"taxonomy":"post_tag","embeddable":true,"href":"https:\/\/www.pcnen.com\/portal\/wp-json\/wp\/v2\/tags?post=55017"}],"curies":[{"name":"wp","href":"https:\/\/api.w.org\/{rel}","templated":true}]}}