{"id":54976,"date":"2011-06-05T10:13:02","date_gmt":"2011-06-05T10:13:02","guid":{"rendered":"http:\/\/www.pcnen.com\/portal\/?p=54976"},"modified":"2011-06-05T10:13:02","modified_gmt":"2011-06-05T10:13:02","slug":"opera-gala-u-cnp-u","status":"publish","type":"post","link":"https:\/\/www.pcnen.com\/portal\/2011\/06\/05\/opera-gala-u-cnp-u\/","title":{"rendered":"Opera Gala u CNP-u"},"content":{"rendered":"<p><em><strong>Pi\u0161e: Sa.N.<\/strong><\/em><\/p>\n<p>Na koncertu pod nazivom <em>Opera Gala, <\/em>u ponedjeljak, 6. juna na Velikoj sceni CNP u Podgorici, bi\u0107e izvedene arije iz popularnih opera. <\/p>\n<p>Pod dirigentskom upravom Alekseja &Scaron;atskog, Crnogorski simfonijski orkestar \u0107e u prvom dijelu koncerta uizvesti numere iz crnogorske nacionalne opere Balkanska carica (D.S.S. \u0110or\u0111a), dok \u0107e u drugom dijelu biti izvedene arije iz popularnih opera: Figarova \u017eenidba, \u010carobna frula (V. A. Mocarta), Mjese\u010darka (V. Belinija), Seosko vite&scaron;tvo ( P. Maskanjija), Svraka kradljivica,&nbsp; Seviljski berberin (\u0110. Rosinija) i Ljubavni napitak&nbsp; (G. Donicetija). <\/p>\n<p>Kao solisti \u0107e nastupiti&nbsp;&nbsp; Vedrana &Scaron;imi\u0107 (sopran), Dejan Maksimovi\u0107 (tenor) i Ivica &Scaron;ari\u0107 (bas). <\/p>\n<p>Koncert po\u010dinje u 20 sati.<\/p>\n","protected":false},"excerpt":{"rendered":"<p>Pi\u0161e: Sa.N. Na koncertu pod nazivom Opera Gala, u ponedjeljak, 6. juna na Velikoj sceni CNP u Podgorici, bi\u0107e izvedene arije iz popularnih opera. Pod dirigentskom upravom Alekseja &Scaron;atskog, Crnogorski simfonijski orkestar \u0107e u prvom dijelu koncerta uizvesti numere iz crnogorske nacionalne opere Balkanska carica (D.S.S. \u0110or\u0111a), dok \u0107e u drugom dijelu biti izvedene arije [&hellip;]<\/p>\n","protected":false},"author":1,"featured_media":0,"comment_status":"open","ping_status":"closed","sticky":false,"template":"","format":"standard","meta":{"_seopress_robots_primary_cat":"","_seopress_titles_title":"","_seopress_titles_desc":"","_seopress_robots_index":"","_et_pb_use_builder":"","_et_pb_old_content":"","_et_gb_content_width":"","inline_featured_image":false,"footnotes":""},"categories":[10],"tags":[],"class_list":["post-54976","post","type-post","status-publish","format-standard","hentry","category-cuj-vidji-javi"],"_links":{"self":[{"href":"https:\/\/www.pcnen.com\/portal\/wp-json\/wp\/v2\/posts\/54976","targetHints":{"allow":["GET"]}}],"collection":[{"href":"https:\/\/www.pcnen.com\/portal\/wp-json\/wp\/v2\/posts"}],"about":[{"href":"https:\/\/www.pcnen.com\/portal\/wp-json\/wp\/v2\/types\/post"}],"author":[{"embeddable":true,"href":"https:\/\/www.pcnen.com\/portal\/wp-json\/wp\/v2\/users\/1"}],"replies":[{"embeddable":true,"href":"https:\/\/www.pcnen.com\/portal\/wp-json\/wp\/v2\/comments?post=54976"}],"version-history":[{"count":0,"href":"https:\/\/www.pcnen.com\/portal\/wp-json\/wp\/v2\/posts\/54976\/revisions"}],"wp:attachment":[{"href":"https:\/\/www.pcnen.com\/portal\/wp-json\/wp\/v2\/media?parent=54976"}],"wp:term":[{"taxonomy":"category","embeddable":true,"href":"https:\/\/www.pcnen.com\/portal\/wp-json\/wp\/v2\/categories?post=54976"},{"taxonomy":"post_tag","embeddable":true,"href":"https:\/\/www.pcnen.com\/portal\/wp-json\/wp\/v2\/tags?post=54976"}],"curies":[{"name":"wp","href":"https:\/\/api.w.org\/{rel}","templated":true}]}}