{"id":54644,"date":"2008-09-04T15:07:08","date_gmt":"2008-09-04T15:07:08","guid":{"rendered":"http:\/\/www.pcnen.com\/portal\/?p=54644"},"modified":"2008-09-04T15:07:08","modified_gmt":"2008-09-04T15:07:08","slug":"gljive-i-cvijece-crne-gore-u-petrogradu","status":"publish","type":"post","link":"https:\/\/www.pcnen.com\/portal\/2008\/09\/04\/gljive-i-cvijece-crne-gore-u-petrogradu\/","title":{"rendered":"Gljive i cvije\u0107e Crne Gore u Petrogradu"},"content":{"rendered":"<p>U okviru nau\u010dno tehni\u010dke saradnje Crnogorskog mikolo&scaron;kog centra &#8211; Podgorica i Botani\u010dkiog instituta Ruske Akademije Nauka &quot;Komarov&quot;, u Petrogradu od 8-14 septembra, nizom planiranih aktivnosti, bi\u0107e proimovisane prirodne ljepote Crne Gore, kao i do sada ostvareni rezultati na planu mikolo&scaron;kih istra\u017eivanja ovog prostora. <\/p>\n<p>Centralni dogadjaj bi\u0107e izlo\u017eba umjetni\u010dke fotografija <em>Gljive i cvije\u0107e Crne Gore<\/em> autora Branislava Peri\u0107a. Postavka sadr\u017ei 44 fotografije izvedene u tehnici Ilfochrome i predstavlja dio materijala istoimene fotomonografije na kojoj autor radi ve\u0107 du\u017ee od deceniju, a koja je u&nbsp;zavr&scaron;noj fazi pripreme. <\/p>\n<p align=\"center\"><img loading=\"lazy\" decoding=\"async\" height=\"496\" alt=\" \" hspace=\"2\" src=\"http:\/\/www.pcnen.com\/images\/36\/perich_plakat.jpg\" width=\"350\" align=\"middle\" vspace=\"1\" border=\"0\" \/><\/p>\n<p>Uz umjetni\u010dke eksponate, bi\u0107e predstavljena nau\u010dno-istra\u017eiva\u010dka dokumentacija, koja obuhvata vi&scaron;e od stotinu nau\u010dnih, stru\u010dnih i popularnih radova autora i saradnika, publikovanih u evropskim i doma\u0107im \u010dasopisiima. <\/p>\n<p>U sali Botani\u010dkog muzeja, namijenjernoj video projekcijama, autor \u0107e petrogradskoj publici predstaviti&nbsp; vizuelni sadra\u017eaj pomenute fotomonografije i do sada ne prikazivane fotose prirodnih ljepota Crne Gore. <\/p>\n<p>Izuzetnu pa\u017enju ruskih kolega ve\u0107 je pobudila najavljena promocija desetog broja afirmisanog nau\u010dnog \u010dasopisa <em>Mycologia Montenegrina<\/em>. Kao specijalni&nbsp; broj kojim se obilje\u017eava mali jubilej (deset godina postojanja) ovaj volumen je realizovan kao monografijska studija posve\u0107ena redu Pezizales. Njegov sadr\u017eaj donosi priloge dvadesetak najuglednijih autora u ovoj oblasti iz cijelog svijeta.<\/p>\n<p>B.P.&nbsp;<\/p>\n","protected":false},"excerpt":{"rendered":"<p>U okviru nau\u010dno tehni\u010dke saradnje Crnogorskog mikolo&scaron;kog centra &#8211; Podgorica i Botani\u010dkiog instituta Ruske Akademije Nauka &quot;Komarov&quot;, u Petrogradu od 8-14 septembra, nizom planiranih aktivnosti, bi\u0107e proimovisane prirodne ljepote Crne Gore, kao i do sada ostvareni rezultati na planu mikolo&scaron;kih istra\u017eivanja ovog prostora. Centralni dogadjaj bi\u0107e izlo\u017eba umjetni\u010dke fotografija Gljive i cvije\u0107e Crne Gore autora [&hellip;]<\/p>\n","protected":false},"author":1,"featured_media":0,"comment_status":"open","ping_status":"closed","sticky":false,"template":"","format":"standard","meta":{"_seopress_robots_primary_cat":"","_seopress_titles_title":"","_seopress_titles_desc":"","_seopress_robots_index":"","_et_pb_use_builder":"","_et_pb_old_content":"","_et_gb_content_width":"","inline_featured_image":false,"footnotes":""},"categories":[10],"tags":[],"class_list":["post-54644","post","type-post","status-publish","format-standard","hentry","category-cuj-vidji-javi"],"_links":{"self":[{"href":"https:\/\/www.pcnen.com\/portal\/wp-json\/wp\/v2\/posts\/54644","targetHints":{"allow":["GET"]}}],"collection":[{"href":"https:\/\/www.pcnen.com\/portal\/wp-json\/wp\/v2\/posts"}],"about":[{"href":"https:\/\/www.pcnen.com\/portal\/wp-json\/wp\/v2\/types\/post"}],"author":[{"embeddable":true,"href":"https:\/\/www.pcnen.com\/portal\/wp-json\/wp\/v2\/users\/1"}],"replies":[{"embeddable":true,"href":"https:\/\/www.pcnen.com\/portal\/wp-json\/wp\/v2\/comments?post=54644"}],"version-history":[{"count":0,"href":"https:\/\/www.pcnen.com\/portal\/wp-json\/wp\/v2\/posts\/54644\/revisions"}],"wp:attachment":[{"href":"https:\/\/www.pcnen.com\/portal\/wp-json\/wp\/v2\/media?parent=54644"}],"wp:term":[{"taxonomy":"category","embeddable":true,"href":"https:\/\/www.pcnen.com\/portal\/wp-json\/wp\/v2\/categories?post=54644"},{"taxonomy":"post_tag","embeddable":true,"href":"https:\/\/www.pcnen.com\/portal\/wp-json\/wp\/v2\/tags?post=54644"}],"curies":[{"name":"wp","href":"https:\/\/api.w.org\/{rel}","templated":true}]}}