{"id":54131,"date":"2010-11-10T20:13:09","date_gmt":"2010-11-10T20:13:09","guid":{"rendered":"http:\/\/www.pcnen.com\/portal\/?p=54131"},"modified":"2010-11-10T20:13:09","modified_gmt":"2010-11-10T20:13:09","slug":"invalid-u-kolicima-sprijecio-pljacku-video","status":"publish","type":"post","link":"https:\/\/www.pcnen.com\/portal\/2010\/11\/10\/invalid-u-kolicima-sprijecio-pljacku-video\/","title":{"rendered":"Invalid u kolicima sprije\u010dio plja\u010dku (video)"},"content":{"rendered":"<p>Kana\u0111anin Lari Skopnik, koji je ve\u0107 10 godina u invalidskim kolicima, sprije\u010dio je plja\u010dku jedne prodavnice i napad na prodava\u010dicu.<\/p>\n<p>Lari je u subotu svratio u prodavnicu i spazio \u010dovjeka kako nasr\u0107e na prodava\u010dicu koja nije \u017eeljela da mu razmijeni sumnjivu nov\u010danicu od 50 dolara. Po&scaron;to ga je odbila, u&scaron;ao je iza pulta i krenuo po novac iz blagajne. <\/p>\n<p>\u010covjek u kolicima je brzo pri&scaron;ao blagajni, povukao plja\u010dka&scaron;a ka sebi i zgrabio ga oko vrata. Rvu\u0107i se sa njim, obojica su pali na pod, ali ga Lari nije pu&scaron;tao dok nisu priko\u010dili ljudi koji su stajali sa strane. <\/p>\n<p>Prodava\u010dica i dalje ne mo\u017ee da vjeruje da joj je tako nesebi\u010dno prisko\u010dio u pomo\u0107 i zahvalna je jer nije znala da li napada\u010d ima oru\u017eje i ho\u0107e li ga upotrijebiti. Lari ne \u017eeli da se od toga &scaron;to je uradio pravi velika stvar jer vjeruje da je njegov \u010din ono &scaron;to bi svaki normalan \u010dovjek morao da u\u010dini kako bi pomogao drugima.<\/p>\n<div style=\"text-align: center\"><object classid=\"clsid:D27CDB6E-AE6D-11cf-96B8-444553540000\" codebase=\"http:\/\/download.macromedia.com\/pub\/shockwave\/cabs\/flash\/swflash.cab#version=6,0,29,0\" width=\"407\" height=\"394\"><param name=\"movie\" value=\"http:\/\/www.youtube.com\/v\/oMyjVpag8os?version=3\" \/><param name=\"quality\" value=\"high\" \/><param name=\"menu\" value=\"false\" \/><param name=\"wmode\" value=\"\" \/><embed src=\"http:\/\/www.youtube.com\/v\/oMyjVpag8os?version=3\" wmode=\"\" quality=\"high\" menu=\"false\" pluginspage=\"http:\/\/www.macromedia.com\/go\/getflashplayer\" type=\"application\/x-shockwave-flash\" width=\"407\" height=\"394\"><\/embed><\/object><\/div>\n","protected":false},"excerpt":{"rendered":"<p>Kana\u0111anin Lari Skopnik, koji je ve\u0107 10 godina u invalidskim kolicima, sprije\u010dio je plja\u010dku jedne prodavnice i napad na prodava\u010dicu.<\/p>\n","protected":false},"author":1,"featured_media":0,"comment_status":"open","ping_status":"closed","sticky":false,"template":"","format":"standard","meta":{"_seopress_robots_primary_cat":"","_seopress_titles_title":"","_seopress_titles_desc":"","_seopress_robots_index":"","_et_pb_use_builder":"","_et_pb_old_content":"","_et_gb_content_width":"","inline_featured_image":false,"footnotes":""},"categories":[9],"tags":[],"class_list":["post-54131","post","type-post","status-publish","format-standard","hentry","category-zanimljivosti"],"_links":{"self":[{"href":"https:\/\/www.pcnen.com\/portal\/wp-json\/wp\/v2\/posts\/54131","targetHints":{"allow":["GET"]}}],"collection":[{"href":"https:\/\/www.pcnen.com\/portal\/wp-json\/wp\/v2\/posts"}],"about":[{"href":"https:\/\/www.pcnen.com\/portal\/wp-json\/wp\/v2\/types\/post"}],"author":[{"embeddable":true,"href":"https:\/\/www.pcnen.com\/portal\/wp-json\/wp\/v2\/users\/1"}],"replies":[{"embeddable":true,"href":"https:\/\/www.pcnen.com\/portal\/wp-json\/wp\/v2\/comments?post=54131"}],"version-history":[{"count":0,"href":"https:\/\/www.pcnen.com\/portal\/wp-json\/wp\/v2\/posts\/54131\/revisions"}],"wp:attachment":[{"href":"https:\/\/www.pcnen.com\/portal\/wp-json\/wp\/v2\/media?parent=54131"}],"wp:term":[{"taxonomy":"category","embeddable":true,"href":"https:\/\/www.pcnen.com\/portal\/wp-json\/wp\/v2\/categories?post=54131"},{"taxonomy":"post_tag","embeddable":true,"href":"https:\/\/www.pcnen.com\/portal\/wp-json\/wp\/v2\/tags?post=54131"}],"curies":[{"name":"wp","href":"https:\/\/api.w.org\/{rel}","templated":true}]}}