{"id":54108,"date":"2010-10-24T21:42:07","date_gmt":"2010-10-24T21:42:07","guid":{"rendered":"http:\/\/www.pcnen.com\/portal\/?p=54108"},"modified":"2010-10-24T21:42:07","modified_gmt":"2010-10-24T21:42:07","slug":"ambasador-megaloman-dobio-otkaz","status":"publish","type":"post","link":"https:\/\/www.pcnen.com\/portal\/2010\/10\/24\/ambasador-megaloman-dobio-otkaz\/","title":{"rendered":"Ambasador megaloman dobio otkaz"},"content":{"rendered":"<p>Slovena\u010dki ambasador u Madridu Peter Reberc dobio je otkaz zbog rasipni\u010dkog tro&scaron;enja.<\/p>\n<p>Poslije nekoliko opomena, uru\u010den mu je otkaz, jer nije odustao od svoje navike megalomanskih kupovina za koje je potro&scaron;io svotu od 100.000 eura, prenose agencije.<\/p>\n<p>Komisija koja se bavila njegovim slu\u010dajem imala je &scaron;ta da broji: 1.800 \u010da&scaron;a, 1.805 ka&scaron;ika i ka&scaron;i\u010dica, 1.607 malih i obi\u010dnih vilju&scaron;ki, 880 no\u017eeva, 116 ve\u0107ih no\u017eeva, 307 lonaca, 183 \u010dinije, 100 kutla\u010da, 77 cediljki, 34 levka, 29 no\u017eeva za lju&scaron;tenje krompira, 32 otvara\u010da za fla&scaron;e, deset aparata za kuvanje kafe&#8230; Neobi\u010dnom inventaru tu nije bio kraj. <\/p>\n<p>Reberc je tokom dvogodi&scaron;njeg mandata kupio i ne&scaron;to materijala za svoju rezidenciju &#8211; \u010detiri kilometra elektri\u010dnih kablova, 69 adaptera za struju, 64 produ\u017eiva\u010da za struju, 15 macola, 37 klije&scaron;ta, 25 \u010deki\u0107a, osam setova &scaron;rafcigera i jo&scaron; 107 &scaron;rafcigera, 11 sjekira, 16 glijeta, pet burgija, 12 alarmnih sistema, 79 senzora, 20 kamera&#8230;<\/p>\n<p>Reberc je najavio da \u0107e tra\u017eiti od&scaron;tetu od 76.000 eura za bla\u0107enje u javnosti, a kao olak&scaron;avaju\u0107u okolnost naveo je da je tokom mandata kupio i 765 knjiga. <\/p>\n<p>Policija je protiv Reberca podnijela prijavu ljubljanskom tu\u017eila&scaron;tvu, a on je objasnio da mu je velika koli\u010dina kuhinjskih pomagala bila potrebna za prijeme. <\/p>\n<p>Upozorio je slovena\u010dke poreske obveznike da je dr\u017eavi zapravo &scaron;tedio pare, jer nije koristio usluge keteringa, niti iznajmljivao poslugu.<\/p>\n","protected":false},"excerpt":{"rendered":"<p>Slovena\u010dki ambasador u Madridu Peter Reberc dobio je otkaz zbog rasipni\u010dkog tro&scaron;enja.<\/p>\n","protected":false},"author":1,"featured_media":0,"comment_status":"open","ping_status":"closed","sticky":false,"template":"","format":"standard","meta":{"_seopress_robots_primary_cat":"","_seopress_titles_title":"","_seopress_titles_desc":"","_seopress_robots_index":"","_et_pb_use_builder":"","_et_pb_old_content":"","_et_gb_content_width":"","inline_featured_image":false,"footnotes":""},"categories":[9],"tags":[],"class_list":["post-54108","post","type-post","status-publish","format-standard","hentry","category-zanimljivosti"],"_links":{"self":[{"href":"https:\/\/www.pcnen.com\/portal\/wp-json\/wp\/v2\/posts\/54108","targetHints":{"allow":["GET"]}}],"collection":[{"href":"https:\/\/www.pcnen.com\/portal\/wp-json\/wp\/v2\/posts"}],"about":[{"href":"https:\/\/www.pcnen.com\/portal\/wp-json\/wp\/v2\/types\/post"}],"author":[{"embeddable":true,"href":"https:\/\/www.pcnen.com\/portal\/wp-json\/wp\/v2\/users\/1"}],"replies":[{"embeddable":true,"href":"https:\/\/www.pcnen.com\/portal\/wp-json\/wp\/v2\/comments?post=54108"}],"version-history":[{"count":0,"href":"https:\/\/www.pcnen.com\/portal\/wp-json\/wp\/v2\/posts\/54108\/revisions"}],"wp:attachment":[{"href":"https:\/\/www.pcnen.com\/portal\/wp-json\/wp\/v2\/media?parent=54108"}],"wp:term":[{"taxonomy":"category","embeddable":true,"href":"https:\/\/www.pcnen.com\/portal\/wp-json\/wp\/v2\/categories?post=54108"},{"taxonomy":"post_tag","embeddable":true,"href":"https:\/\/www.pcnen.com\/portal\/wp-json\/wp\/v2\/tags?post=54108"}],"curies":[{"name":"wp","href":"https:\/\/api.w.org\/{rel}","templated":true}]}}