{"id":52777,"date":"2008-09-03T11:05:16","date_gmt":"2008-09-03T11:05:16","guid":{"rendered":"http:\/\/www.pcnen.com\/portal\/?p=52777"},"modified":"2008-09-03T11:05:16","modified_gmt":"2008-09-03T11:05:16","slug":"na-aukciji-oruzje-eriha-honekera-i-drugih-lidera-ddr","status":"publish","type":"post","link":"https:\/\/www.pcnen.com\/portal\/2008\/09\/03\/na-aukciji-oruzje-eriha-honekera-i-drugih-lidera-ddr\/","title":{"rendered":"Na aukciji oru\u017eje Eriha Honekera i drugih lidera DDR"},"content":{"rendered":"<p>Jedinstvena zbirka lova\u010dkih pu&scaron;aka i pi&scaron;tolja biv&scaron;eg isto\u010dnonjema\u010dkog lidera Eriha Honekera i njegovih najbli\u017eih saradnika na\u0107i \u0107e se slede\u0107eg mjeseca na aukciji, saop&scaron;tila je jedna njema\u010dka aukcionarska ku\u0107a.<\/p>\n<p>Ukupno 31 komad naoru\u017eanja, me\u0111u kojem i pi&scaron;tolj koji je biv&scaron;i visoki zvani\u010dnik DDR-a Erih Milke koristio u vatrenom obra\u010dunu s policijom, dio je izuzetne kolekcije koju je prikupila Kristijana Bernut, aukcionar u gradu Erfurtu.<\/p>\n<p>Milke, koji je bio ubije\u0111eni komunista i poznati kolekcionar oru\u017eja, kasnije je postao &scaron;ef tajne slu\u017ebe dr\u017eavne bezbijednosti (&Scaron;tazi).<\/p>\n<p>Od oru\u017eja iz kolekcije, njemu je pripadalo 16 komada, uklju\u010duju\u0107i i pi&scaron;tolj marke &quot;Valter&quot; koji je koristio u sukobu sa policijom 9. augusta 1931, jednim od najpoznatijih sukoba u vrijeme Vajmarske republike.<\/p>\n<p>Me\u0111u vlasnicima pu&scaron;aka i pi&scaron;tolja koji \u0107e se na\u0107i na aukciji su i Valter Ulbriht i \u010dlan politibiroa Ginter Mitag.<\/p>\n<p>&quot;Svi su komadi oru\u017eja izuzetni primjerci, mnogi od njih ukra&scaron;eni zaku\u010dastim gravirama&quot;, rekla je Bernut.<\/p>\n<p>Ona o\u010dekuje da \u0107e oru\u017eje, od kojeg su mnogi primjerci proizvedeni u \u010duvenoj oru\u017earnici u gradi\u0107u Zul, na aukciji biti prodato za znatno vi&scaron;e od prcijenjenih 50.000 eura.<\/p>\n<p>Dnevnik &quot;Bild&quot; je, ocjenjuju\u0107i da je rije\u010d o aukciji godine, naveo da je potvr\u0111ena autenti\u010dnost oru\u017eja i da bi ono moglo da dostigne i cijenu od milion eura.<\/p>\n<p>Predmeti iz biv&scaron;e komunisti\u010dke Isto\u010dne Njema\u010dke i dalje su veoma tra\u017eeni, govoto dvije decenije poslije pada Berlinskog zida i ujedinjenja Njema\u010dke.<\/p>\n","protected":false},"excerpt":{"rendered":"<p>Jedinstvena zbirka lova\u010dkih pu&scaron;aka i pi&scaron;tolja biv&scaron;eg isto\u010dnonjema\u010dkog lidera Eriha Honekera i njegovih najbli\u017eih saradnika na\u0107i \u0107e se slede\u0107eg mjeseca na aukciji, saop&scaron;tila je jedna njema\u010dka aukcionarska ku\u0107a.<\/p>\n","protected":false},"author":1,"featured_media":0,"comment_status":"open","ping_status":"closed","sticky":false,"template":"","format":"standard","meta":{"_seopress_robots_primary_cat":"","_seopress_titles_title":"","_seopress_titles_desc":"","_seopress_robots_index":"","_et_pb_use_builder":"","_et_pb_old_content":"","_et_gb_content_width":"","inline_featured_image":false,"footnotes":""},"categories":[9],"tags":[],"class_list":["post-52777","post","type-post","status-publish","format-standard","hentry","category-zanimljivosti"],"_links":{"self":[{"href":"https:\/\/www.pcnen.com\/portal\/wp-json\/wp\/v2\/posts\/52777","targetHints":{"allow":["GET"]}}],"collection":[{"href":"https:\/\/www.pcnen.com\/portal\/wp-json\/wp\/v2\/posts"}],"about":[{"href":"https:\/\/www.pcnen.com\/portal\/wp-json\/wp\/v2\/types\/post"}],"author":[{"embeddable":true,"href":"https:\/\/www.pcnen.com\/portal\/wp-json\/wp\/v2\/users\/1"}],"replies":[{"embeddable":true,"href":"https:\/\/www.pcnen.com\/portal\/wp-json\/wp\/v2\/comments?post=52777"}],"version-history":[{"count":0,"href":"https:\/\/www.pcnen.com\/portal\/wp-json\/wp\/v2\/posts\/52777\/revisions"}],"wp:attachment":[{"href":"https:\/\/www.pcnen.com\/portal\/wp-json\/wp\/v2\/media?parent=52777"}],"wp:term":[{"taxonomy":"category","embeddable":true,"href":"https:\/\/www.pcnen.com\/portal\/wp-json\/wp\/v2\/categories?post=52777"},{"taxonomy":"post_tag","embeddable":true,"href":"https:\/\/www.pcnen.com\/portal\/wp-json\/wp\/v2\/tags?post=52777"}],"curies":[{"name":"wp","href":"https:\/\/api.w.org\/{rel}","templated":true}]}}