{"id":50558,"date":"2011-03-04T08:01:51","date_gmt":"2011-03-04T08:01:51","guid":{"rendered":"http:\/\/www.pcnen.com\/portal\/?p=50558"},"modified":"2011-03-04T08:01:51","modified_gmt":"2011-03-04T08:01:51","slug":"autom-na-kriticnu-masu-video","status":"publish","type":"post","link":"https:\/\/www.pcnen.com\/portal\/2011\/03\/04\/autom-na-kriticnu-masu-video\/","title":{"rendered":"Autom na kriti\u010dnu masu (video)"},"content":{"rendered":"<p>Voza\u010d automobila je uletio u grupu koja je brojala vi&scaron;e od 100 biciklista koji su u\u010destovali u akciji Kriti\u010dna masa*&nbsp; pro&scaron;loga petka u brazilskom gradu Porto Alegre. <\/p>\n<p>Prema zvani\u010dnim podacima, 40 ljudi je povrije\u0111eno (ogrebotine i prelomi kostiju), ali, na sre\u0107u, niko nije pogino. <\/p>\n<p>Incident je snimljen amaterskom kamerom.<\/p>\n<p>*&nbsp; Kriti\u010dna masa je grupna biciklisti\u010dka vo\u017enja po najprometnijim ulicama, koja se tradicionalno odr\u017eava zadnjeg petka u mjesecu u gradovima &scaron;irom svijeta.<\/p>\n<div style=\"text-align: center\"><object classid=\"clsid:D27CDB6E-AE6D-11cf-96B8-444553540000\" codebase=\"http:\/\/download.macromedia.com\/pub\/shockwave\/cabs\/flash\/swflash.cab#version=6,0,29,0\" width=\"372\" height=\"372\"><param name=\"movie\" value=\"http:\/\/www.liveleak.com\/e\/aa5_1299130692\" \/><param name=\"quality\" value=\"high\" \/><param name=\"menu\" value=\"false\" \/><param name=\"wmode\" value=\"\" \/><embed src=\"http:\/\/www.liveleak.com\/e\/aa5_1299130692\" wmode=\"\" quality=\"high\" menu=\"false\" pluginspage=\"http:\/\/www.macromedia.com\/go\/getflashplayer\" type=\"application\/x-shockwave-flash\" width=\"372\" height=\"372\"><\/embed><\/object><\/div>\n","protected":false},"excerpt":{"rendered":"<p>Voza\u010d automobila je uletio u grupu koja je brojala vi&scaron;e od 100 biciklista koji su u\u010destovali u akciji Kriti\u010dna masa*&nbsp; pro&scaron;loga petka u brazilskom gradu Porto Alegre. Prema zvani\u010dnim podacima, 40 ljudi je povrije\u0111eno (ogrebotine i prelomi kostiju), ali, na sre\u0107u, niko nije pogino. Incident je snimljen amaterskom kamerom. *&nbsp; Kriti\u010dna masa je grupna biciklisti\u010dka [&hellip;]<\/p>\n","protected":false},"author":1,"featured_media":0,"comment_status":"open","ping_status":"closed","sticky":false,"template":"","format":"standard","meta":{"_seopress_robots_primary_cat":"","_seopress_titles_title":"","_seopress_titles_desc":"","_seopress_robots_index":"","_et_pb_use_builder":"","_et_pb_old_content":"","_et_gb_content_width":"","inline_featured_image":false,"footnotes":""},"categories":[8],"tags":[],"class_list":["post-50558","post","type-post","status-publish","format-standard","hentry","category-svastara"],"_links":{"self":[{"href":"https:\/\/www.pcnen.com\/portal\/wp-json\/wp\/v2\/posts\/50558","targetHints":{"allow":["GET"]}}],"collection":[{"href":"https:\/\/www.pcnen.com\/portal\/wp-json\/wp\/v2\/posts"}],"about":[{"href":"https:\/\/www.pcnen.com\/portal\/wp-json\/wp\/v2\/types\/post"}],"author":[{"embeddable":true,"href":"https:\/\/www.pcnen.com\/portal\/wp-json\/wp\/v2\/users\/1"}],"replies":[{"embeddable":true,"href":"https:\/\/www.pcnen.com\/portal\/wp-json\/wp\/v2\/comments?post=50558"}],"version-history":[{"count":0,"href":"https:\/\/www.pcnen.com\/portal\/wp-json\/wp\/v2\/posts\/50558\/revisions"}],"wp:attachment":[{"href":"https:\/\/www.pcnen.com\/portal\/wp-json\/wp\/v2\/media?parent=50558"}],"wp:term":[{"taxonomy":"category","embeddable":true,"href":"https:\/\/www.pcnen.com\/portal\/wp-json\/wp\/v2\/categories?post=50558"},{"taxonomy":"post_tag","embeddable":true,"href":"https:\/\/www.pcnen.com\/portal\/wp-json\/wp\/v2\/tags?post=50558"}],"curies":[{"name":"wp","href":"https:\/\/api.w.org\/{rel}","templated":true}]}}