{"id":47789,"date":"2011-07-06T10:38:13","date_gmt":"2011-07-06T10:38:13","guid":{"rendered":"http:\/\/www.pcnen.com\/portal\/?p=47789"},"modified":"2011-07-06T10:38:13","modified_gmt":"2011-07-06T10:38:13","slug":"novak-dokovic-kloniran-tesla","status":"publish","type":"post","link":"https:\/\/www.pcnen.com\/portal\/2011\/07\/06\/novak-dokovic-kloniran-tesla\/","title":{"rendered":"Novak \u0110okovi\u0107 kloniran Tesla!"},"content":{"rendered":"<p><em>Bacili su se novinari tabloida u vode istra\u017eiva\u010dkog novinarstva, prizvali u pomo\u0107 tehnolo&scaron;ko-manekensko \u010dudo zvano foto&scaron;op i ostali su frapirani. Ostao sam i ja, ali iz drugih razloga i to je ve\u0107 moj privatni problem.<\/em><\/p>\n<p><em><strong>Pi\u0161e: Dragan Bursa\u0107<\/strong><\/em><\/p>\n<p>Jedan ugledni beogradski tabloid (ovdje ne trebaju znakovi navoda, po&scaron;to su tabloidi jedina samoopstojna papirnata roba, pa im i pretekne), objavio je kako je Novak \u0110okovi\u0107, pazite sad, isti Nikola Tesla. Ili obrnuto. Bacili su se novinari tabloida u vode istra\u017eiva\u010dkog novinarstva, prizvali u pomo\u0107 tehnolo&scaron;ko-manekensko \u010dudo zvano foto&scaron;op i ostali su frapirani. Ostao sam i ja, ali iz drugih razloga i to je ve\u0107 moj privatni problem.<\/p>\n<p>A smijali smo se kretenima i budalama!<\/p>\n<p>&nbsp;<\/p>\n<div style=\"text-align: center\"><img loading=\"lazy\" decoding=\"async\" height=\"225\" alt=\" \" hspace=\"1\" src=\"http:\/\/www.pcnen.com\/images\/58\/noletesla.jpg\" width=\"300\" vspace=\"1\" border=\"0\" \/><\/div>\n<p>&nbsp;<\/p>\n<p>E, pa d\u017eaba smo istezali facijalne mi&scaron;i\u0107e. Sad samo zblanuto mo\u017eemo gledati u medijskog monstruma koji se zove ,,Nolizacija&quot;. Za one sa manjim dotokom krvi u mozak, nije ovdje rije\u010d o minimizaciji lika i djela Novaka \u0110okovi\u0107a. Toliko o pravdanju i cirkulaciji.<\/p>\n<p>&#8216;Ajmo na stvar!<\/p>\n<p>Jedan ugledni beogradski tabloid (ovdje ne trebaju znakovi navoda, po&scaron;to su tabloidi jedina samoopstojna papirnata roba, pa im i pretekne) objavio je kako je Novak \u0110okovi\u0107, pazite sad, isti Nikola Tesla. Ili obrnuto. Bacili su se novinari tabloida u vode istra\u017eiva\u010dkog novinarstva, prizvali u pomo\u0107 tehnolo&scaron;ko-manekensko \u010dudo zvano foto&scaron;op i ostali su frapirani. Ostao sam i ja, ali iz drugih razloga i to je ve\u0107 moj privatni problem.<\/p>\n<p>Ponosno su izjavili da su uz samo par poteza mi&scaron;em dokazali kako je Novak ,,pljunuti&quot; Tesla ili opet, obrnuto. Uglavnom, naslov je bio ,,Pljunuti&quot;. Kao svr&scaron;eni glagolski oblik. Urednici su dodali kako bi stajlingu \u0110okovi\u0107a virtuelni br\u010di\u0107i odistinski dobro stajali, i sli\u010dne budala&scaron;tine.<\/p>\n<p>E, a sad se vi&scaron;e ne smijemo budalama i kretenima!<\/p>\n<p>Sad je idiotizam moralno pravo, koje mase zahtijevaju, za koji su se decenijama borile i koje mora u potpunosti obuzeti i zarobiti svako zdravorazumsko bi\u0107e.<\/p>\n<p>&nbsp;<\/p>\n<div style=\"text-align: center\"><img loading=\"lazy\" decoding=\"async\" height=\"143\" alt=\" \" hspace=\"1\" src=\"http:\/\/www.pcnen.com\/images\/58\/novaknovcanica.jpg\" width=\"300\" vspace=\"1\" border=\"0\" \/><\/div>\n<p>&nbsp;<\/p>\n<p>Pljunuti, vaistinu pljunuti veli anonimna Goca, \u010ditateljka fotografije (mo\u017ee i to) i dodaje:<\/p>\n<p>,, Zaista!! &Scaron;to je jo&scaron; va\u017enije &#8211; mladi \u0110okovi\u0107 o\u010digledno ima isti vedri duh, otvoreni um, ma&scaron;tu i viziju kao i Tesla, kao i svi veliki ljudi! Da neko sa 24 godine u dana&scaron;nje vreme kada je srozano sve \u010demu inteligentan, svestan i uman \u010dovek te\u017ei &#8211; postigne ove visine u poslu kojim se bavi da, pri tom, zadr\u017ei gore navedene osobine &#8211; pravo je \u010dudo!! Poru\u010dujem svima ( ne samo mladima!) da se ugledamo na njega i Teslu, da ove kre&scaron;talice, rugalice i opsenare koji nas maltretiraju preko svih medija &#8211; isklju\u010dimo iz svojih \u017eivota ! Oni nam kradu \u017eivotnu energiju, na&scaron;u inteligenciju usmeravaju na pogre&scaron;nu stranu, na&scaron;u svest pomra\u010duju &#8211; i tako nam ukradu ceo \u017eivot ! Dakle, \u017eiveli Tesla, Novak i svi pametni ljudi kojih u Srbiji ima mnogo ali su nepodobni za javno eksponiranje!!&#8230;&quot;<\/p>\n<p>Za pretpostaviti je da je Goca punoljetna i radno sposobna jedinka sa li\u010dnom kartom. Osoba koja bira i mo\u017ee biti birana. Kojekude i gdjegod. Tako\u0111e, za pretpostaviti je da iza Goce stoje milioni ,,Goca&quot; koje u ovoj budala&scaron;tini i dokonja&scaron;tvu supismenih ,,novinara&quot; vide autenti\u010dnu potvrdu istine, i budibogzna \u010dega.<\/p>\n<p>Ina\u010de, informativci doti\u010dne novine su nas obavijestli da ovu dvojicu genijalaca razdvaja dva vijeka!?<\/p>\n<p>Kako, majku mu, kolege, kad je jedan \u017eivio do 1943., a drugi nam je savremenik. &#8216;Ajte vi to sra\u010dunajte jo&scaron; jedared! Zapravo, nemojte, Ko jebe Teslu, on je bio samo povod da se jo&scaron; ne&scaron;to ka\u017ee o Noletu inter-nacionaletu.<\/p>\n<p>Propedeutika gluposti<\/p>\n<p>A sve je po\u010delo naivno. Tu i tamo su se prije mjesec dana pojavljivali novinski napisi kako \u0107e tamo nekoj &scaron;koli u Beogradu biti promijenjeno ime iz O&Scaron; ,,Borisav Stankovi\u0107&quot; u O&Scaron; ,,Novak \u0110okovi\u0107&quot;. Ova akcija denominacije pro&scaron;la je potiho iz dva razloga. Prvo, jebe se kome za &scaron;kolstvom na Balkanu, a drugi je taj &scaron;to niko \u017eiv, od dje\u010dice pa do prate\u0107e logisti\u010dke mlade\u017ei, i nije znao ko je taj Bora Stankovi\u0107.<\/p>\n<p>Ka\u017eu da je ne&scaron;to pisao, neke romane, drame, uglavnom smor jedan. Ali, akcija je zaustavljena zbog njene pretjerane dosade. Mislim, Nole je bio suvi&scaron;e kul da bi se samo uprava neke osnovne &scaron;kole bavila njim. A opet, nikad nije kasno. Ve\u0107 zami&scaron;ljam kako se jednog dana neka dva klinca sva\u0111aju da li je bilo boljih riba u O&Scaron; ,,Novak \u0110okovi\u0107&quot; ili O&Scaron; ,,Vlade Divac&quot;. I to \u0107e biti jednog dana kul i fora.<\/p>\n<p>Ali nemojte jo&scaron; aman-zaman, sahranjivati \u017eive ljude! Jer, po \u017eivima da dajete imena &scaron;kolama, to ne biva. Osim ako ste nekad imali domenu Tito. Ostalo \u0107e ne mo\u017ee, &scaron;to bi rekao anonimus Bora Stankovi\u0107.<\/p>\n<p>Vidjela vlast da je osnovno&scaron;kolski, dosadni nivo, zaozbiljno shvatio ,,Nolizaciju&quot;, pa se i oni prihvatili posla. Navrat-nanos su turili&nbsp; u test za prijemni ispit na Filozofskom fakultetu u Beogradu i pitanje &#8211; koliko je pobjeda uzastopno ostvario Novak \u0110okovi\u0107 u ovoj sezoni? Tako su budu\u0107i dru&scaron;tveni radnici morali, uz dosadnog Platona i Aristotela, znati i ovo. Jebi ga, sve je op&scaron;ta kultura. S tim &scaron;to je ovo pitanje bilo najlak&scaron;e i najva\u017enije, a svaki neznalica je bio skrajnut iz ,,Nolizacije&quot;.<\/p>\n<p>E, sad, kad se ve\u0107 &scaron;kolski sistem uklju\u010dio ovoliko u ,,Nolizaciju&quot; ni banke nisu sjedile skr&scaron;tenih ruku i nogu. Ve\u0107 se &scaron;u&scaron;ka kako \u0107e biti pokrenuta inicijativa da se Nole metne na nov\u010danicu od 2000 dinara. \u010cak i na ovu temu postoje foto&scaron;op prijedlozi. Preko 50 000 ljudi se zdu&scaron;no zala\u017ee da Nole osvane na dva soma dind\u017ei. Ako se to desi, sa\u010duvaj Bo\u017ee kakve devalvacije i inflacije.<\/p>\n<p>Suma &scaron;umarum<\/p>\n<p>Glavni akteri pri\u010de, Novak \u0110okovi\u0107, Nikola Tesla, Borisav Stankovi\u0107, bitne su srpske, i ne samo srpske, istorijske li\u010dnosti. Dali su sebi i svijetu svjetlost, umjetnost, sport.<\/p>\n<p>Samo, nemojte drugari poslije ove euforije da se za 50-ak godina \u010de&scaron;ete i pitate &#8211; ko je bio Novak \u0110okovi\u0107? Nemojte da ka\u017eete kako je rije\u010d o pliva\u010du koji je \u017eivio prije dva vijeka.<\/p>\n<p>Na sve ovo bi se Novak \u0110okovi\u0107 slatko nasmijao, kao &scaron;to \u0107e i oni sa zdravim razumom. Ali, ode Nole u &Scaron;vedsku na Dejvis kup, pa ku\u0107i u Monako gdje porez pla\u0107a, a ostasmo mi sa ludacima i ludilom ovdje. E, ako ovo sve nije dobra zajebancija sa tzv. nacionalnim identitetom, ja ne znam &scaron;ta je.<\/p>\n<p>A smijali smo se kretenima i budalama! E, pa ko nam je kriv?<\/p>\n<p><a href=\"http:\/\/6yka.com\/\">6yka.com<\/a><\/p>\n","protected":false},"excerpt":{"rendered":"<p><em>Bacili su se novinari tabloida u vode istra\u017eiva\u010dkog novinarstva, prizvali u pomo\u0107 tehnolo&scaron;ko-manekensko \u010dudo zvano foto&scaron;op i ostali su frapirani. Ostao sam i ja, ali iz drugih razloga i to je ve\u0107 moj privatni problem.<\/em><\/p>\n","protected":false},"author":1,"featured_media":0,"comment_status":"open","ping_status":"closed","sticky":false,"template":"","format":"standard","meta":{"_seopress_robots_primary_cat":"","_seopress_titles_title":"","_seopress_titles_desc":"","_seopress_robots_index":"","_et_pb_use_builder":"","_et_pb_old_content":"","_et_gb_content_width":"","inline_featured_image":false,"footnotes":""},"categories":[5],"tags":[],"class_list":["post-47789","post","type-post","status-publish","format-standard","hentry","category-drugi-pisu"],"_links":{"self":[{"href":"https:\/\/www.pcnen.com\/portal\/wp-json\/wp\/v2\/posts\/47789","targetHints":{"allow":["GET"]}}],"collection":[{"href":"https:\/\/www.pcnen.com\/portal\/wp-json\/wp\/v2\/posts"}],"about":[{"href":"https:\/\/www.pcnen.com\/portal\/wp-json\/wp\/v2\/types\/post"}],"author":[{"embeddable":true,"href":"https:\/\/www.pcnen.com\/portal\/wp-json\/wp\/v2\/users\/1"}],"replies":[{"embeddable":true,"href":"https:\/\/www.pcnen.com\/portal\/wp-json\/wp\/v2\/comments?post=47789"}],"version-history":[{"count":0,"href":"https:\/\/www.pcnen.com\/portal\/wp-json\/wp\/v2\/posts\/47789\/revisions"}],"wp:attachment":[{"href":"https:\/\/www.pcnen.com\/portal\/wp-json\/wp\/v2\/media?parent=47789"}],"wp:term":[{"taxonomy":"category","embeddable":true,"href":"https:\/\/www.pcnen.com\/portal\/wp-json\/wp\/v2\/categories?post=47789"},{"taxonomy":"post_tag","embeddable":true,"href":"https:\/\/www.pcnen.com\/portal\/wp-json\/wp\/v2\/tags?post=47789"}],"curies":[{"name":"wp","href":"https:\/\/api.w.org\/{rel}","templated":true}]}}