{"id":453656,"date":"2026-03-17T21:29:20","date_gmt":"2026-03-17T20:29:20","guid":{"rendered":"https:\/\/www.pcnen.com\/portal\/?p=453656"},"modified":"2026-03-17T21:29:20","modified_gmt":"2026-03-17T20:29:20","slug":"vjetar-sa-sjeveroistoka-i-istoka-bice-povremeno-umjeren-do-pojacan","status":"publish","type":"post","link":"https:\/\/www.pcnen.com\/portal\/2026\/03\/17\/vjetar-sa-sjeveroistoka-i-istoka-bice-povremeno-umjeren-do-pojacan\/","title":{"rendered":"Vjetar sa sjeveroistoka i istoka bi\u0107e povremeno umjeren do poja\u010dan"},"content":{"rendered":"<p>Umjereno do potpuno obla\u010dno, padavine \u0107e oslabiti u jutarnjim ili prijepodnevnim satima, a u ve\u0107em dijelu Crne Gore i prestati.<\/p>\n<p>Vjetar sa sjeveroistoka i istoka bi\u0107e povremeno umjeren do poja\u010dan, a na udare ponegdje i jak.<\/p>\n<p>Jutarnja temperatura vazduha bi\u0107e u rasponu od -2 do 11, a najvi\u0161a dnevna od 2 do 18 stepeni.<\/p>\n<blockquote><p>U Podgorici \u0107e biti umjereno do potpuno obla\u010dno, povremeno sa ki\u0161om, prvenstveno u jutarnjim satima. Sjeveroisto\u010dni vjetar \u0107e povremeno biti umjeren do poja\u010dan, a na udare kratkotrajno i jak. Jutarnja temperatura vazduha bi\u0107e 9, a najvi\u0161a dnevna oko 17 stepeni.<\/p><\/blockquote>\n","protected":false},"excerpt":{"rendered":"<p>Umjereno do potpuno obla\u010dno, padavine \u0107e oslabiti u jutarnjim ili prijepodnevnim satima, a u ve\u0107em dijelu Crne Gore i prestati<\/p>\n","protected":false},"author":1,"featured_media":310770,"comment_status":"open","ping_status":"closed","sticky":false,"template":"","format":"standard","meta":{"_seopress_robots_primary_cat":"none","_seopress_titles_title":"","_seopress_titles_desc":"","_seopress_robots_index":"","_et_pb_use_builder":"","_et_pb_old_content":"","_et_gb_content_width":"","inline_featured_image":false,"footnotes":""},"categories":[14],"tags":[],"class_list":["post-453656","post","type-post","status-publish","format-standard","has-post-thumbnail","hentry","category-vijesti"],"_links":{"self":[{"href":"https:\/\/www.pcnen.com\/portal\/wp-json\/wp\/v2\/posts\/453656","targetHints":{"allow":["GET"]}}],"collection":[{"href":"https:\/\/www.pcnen.com\/portal\/wp-json\/wp\/v2\/posts"}],"about":[{"href":"https:\/\/www.pcnen.com\/portal\/wp-json\/wp\/v2\/types\/post"}],"author":[{"embeddable":true,"href":"https:\/\/www.pcnen.com\/portal\/wp-json\/wp\/v2\/users\/1"}],"replies":[{"embeddable":true,"href":"https:\/\/www.pcnen.com\/portal\/wp-json\/wp\/v2\/comments?post=453656"}],"version-history":[{"count":1,"href":"https:\/\/www.pcnen.com\/portal\/wp-json\/wp\/v2\/posts\/453656\/revisions"}],"predecessor-version":[{"id":453659,"href":"https:\/\/www.pcnen.com\/portal\/wp-json\/wp\/v2\/posts\/453656\/revisions\/453659"}],"wp:featuredmedia":[{"embeddable":true,"href":"https:\/\/www.pcnen.com\/portal\/wp-json\/wp\/v2\/media\/310770"}],"wp:attachment":[{"href":"https:\/\/www.pcnen.com\/portal\/wp-json\/wp\/v2\/media?parent=453656"}],"wp:term":[{"taxonomy":"category","embeddable":true,"href":"https:\/\/www.pcnen.com\/portal\/wp-json\/wp\/v2\/categories?post=453656"},{"taxonomy":"post_tag","embeddable":true,"href":"https:\/\/www.pcnen.com\/portal\/wp-json\/wp\/v2\/tags?post=453656"}],"curies":[{"name":"wp","href":"https:\/\/api.w.org\/{rel}","templated":true}]}}