{"id":453634,"date":"2026-03-17T12:34:06","date_gmt":"2026-03-17T11:34:06","guid":{"rendered":"https:\/\/www.pcnen.com\/portal\/?p=453634"},"modified":"2026-03-17T12:34:06","modified_gmt":"2026-03-17T11:34:06","slug":"cnp-veceras-premijerno-inkluzivna-predstava-fleka","status":"publish","type":"post","link":"https:\/\/www.pcnen.com\/portal\/2026\/03\/17\/cnp-veceras-premijerno-inkluzivna-predstava-fleka\/","title":{"rendered":"CNP: Ve\u010deras premijerno inkluzivna predstava &#8216;Fleka&#8217;"},"content":{"rendered":"<p>Inkluzivna predstava \u201eFleka\u201c, po motivima teksta Aleksandre Vujisi\u0107, u re\u017eiji Branke Ota\u0161evi\u0107, premijerno \u0107e biti izvedena danas na Sceni Studio Crnogorskog narodnog pozori\u0161ta u 20 sati.<\/p>\n<p>\u201eFleka\u201c je savremena pozori\u0161na pri\u010da koja kroz sna\u017ean vizuelni izraz, pokret i muziku otvara teme razli\u010ditosti, pripadanja i vr\u0161nja\u010dkog pritiska. U sredi\u0161tu radnje nalazi se djevoj\u010dica koja se suo\u010dava s etiketiranjem i isklju\u010divanjem, dok dru\u0161tvo oko nje postaje ogledalo na\u0161ih kolektivnih stavova i predrasuda. Predstava ne moralizuje, ve\u0107 poziva publiku na li\u010dno preispitivanje i razvoj empatije.<\/p>\n<p>Posebnu vrijednost projektu daje autenti\u010dna inkluzivna postavka \u2013 na sceni igraju slabovide djevoj\u010dice Sofija Ivanovi\u0107 i Katarina Cerovi\u0107, profesionalni glumci Jelena Mini\u0107, Branka Ota\u0161evi\u0107, Aleksandar Radulovi\u0107 i u\u010denik Nikola Jovi\u0107evi\u0107, \u010dime iskustvo razli\u010ditosti postaje istinski dio umjetni\u010dkog izraza.<\/p>\n<p>Kompozitorka je Irena Popovi\u0107-Dragovi\u0107, scenski pokret potpisuje Julija Mila\u010di\u0107 Petrovi\u0107-Njego\u0161, video Matej Kre\u017ee, a izvr\u0161na producentkinja je Klara Radonji\u0107.<\/p>\n<p>U\u010denici s videa: Lora Vuk\u010devi\u0107, Maksim Ve\u0161kovi\u0107, Simeun Bara\u0161in i Relja Markovi\u0107.<\/p>\n<p>Ve\u010dera\u0161nja premijera predstavlja va\u017ean umjetni\u010dki i dru\u0161tveni trenutak \u2013 po\u010detak dijaloga o prihvatanju, vidljivosti i odgovornosti zajednice prema djeci i mladima koji su druga\u010diji.<\/p>\n<p>Predstava je nastala u produkciji organizacije Modesty MK, uz podr\u0161ku Crnogorskog narodnog pozori\u0161ta.<\/p>\n<p>Publika se o aktivnostima CNP-a mo\u017ee informisati putem veb-sajta\u00a0www.cnp.me, na biletarnici, dru\u0161tvenim mre\u017eama\u00a0Facebook\u00a0i\u00a0Instagram, kao i\u00a0Viber kanalu.<\/p>\n","protected":false},"excerpt":{"rendered":"<p>Inkluzivna predstava \u201eFleka\u201c, po motivima teksta Aleksandre Vujisi\u0107, u re\u017eiji Branke Ota\u0161evi\u0107, premijerno \u0107e biti izvedena danas na Sceni Studio Crnogorskog narodnog pozori\u0161ta u 20 sati<\/p>\n","protected":false},"author":1,"featured_media":302447,"comment_status":"open","ping_status":"closed","sticky":false,"template":"","format":"standard","meta":{"_seopress_robots_primary_cat":"none","_seopress_titles_title":"","_seopress_titles_desc":"","_seopress_robots_index":"","_et_pb_use_builder":"","_et_pb_old_content":"","_et_gb_content_width":"","inline_featured_image":false,"footnotes":""},"categories":[547],"tags":[],"class_list":["post-453634","post","type-post","status-publish","format-standard","has-post-thumbnail","hentry","category-sta-ima"],"_links":{"self":[{"href":"https:\/\/www.pcnen.com\/portal\/wp-json\/wp\/v2\/posts\/453634","targetHints":{"allow":["GET"]}}],"collection":[{"href":"https:\/\/www.pcnen.com\/portal\/wp-json\/wp\/v2\/posts"}],"about":[{"href":"https:\/\/www.pcnen.com\/portal\/wp-json\/wp\/v2\/types\/post"}],"author":[{"embeddable":true,"href":"https:\/\/www.pcnen.com\/portal\/wp-json\/wp\/v2\/users\/1"}],"replies":[{"embeddable":true,"href":"https:\/\/www.pcnen.com\/portal\/wp-json\/wp\/v2\/comments?post=453634"}],"version-history":[{"count":1,"href":"https:\/\/www.pcnen.com\/portal\/wp-json\/wp\/v2\/posts\/453634\/revisions"}],"predecessor-version":[{"id":453637,"href":"https:\/\/www.pcnen.com\/portal\/wp-json\/wp\/v2\/posts\/453634\/revisions\/453637"}],"wp:featuredmedia":[{"embeddable":true,"href":"https:\/\/www.pcnen.com\/portal\/wp-json\/wp\/v2\/media\/302447"}],"wp:attachment":[{"href":"https:\/\/www.pcnen.com\/portal\/wp-json\/wp\/v2\/media?parent=453634"}],"wp:term":[{"taxonomy":"category","embeddable":true,"href":"https:\/\/www.pcnen.com\/portal\/wp-json\/wp\/v2\/categories?post=453634"},{"taxonomy":"post_tag","embeddable":true,"href":"https:\/\/www.pcnen.com\/portal\/wp-json\/wp\/v2\/tags?post=453634"}],"curies":[{"name":"wp","href":"https:\/\/api.w.org\/{rel}","templated":true}]}}