{"id":453474,"date":"2026-03-14T19:41:47","date_gmt":"2026-03-14T18:41:47","guid":{"rendered":"https:\/\/www.pcnen.com\/portal\/?p=453474"},"modified":"2026-03-14T19:41:47","modified_gmt":"2026-03-14T18:41:47","slug":"pretezno-suncano-uz-slab-do-umjeren-lokalni-razvoj-oblacnosti-u-kontinentalnim-oblastima","status":"publish","type":"post","link":"https:\/\/www.pcnen.com\/portal\/2026\/03\/14\/pretezno-suncano-uz-slab-do-umjeren-lokalni-razvoj-oblacnosti-u-kontinentalnim-oblastima\/","title":{"rendered":"Prete\u017eno sun\u010dano uz slab do umjeren lokalni razvoj obla\u010dnosti u kontinentalnim oblastima"},"content":{"rendered":"<p>Prete\u017eno sun\u010dano uz slab do umjeren lokalni razvoj obla\u010dnosti u kontinentalnim oblastima Crne Gore &#8211; zvani\u010dna je prognoza za nedjelju.<\/p>\n<p>Tokom poslijepodneva u planinama na sjeveru zemlje tek ponegdje bi\u0107e mogu\u0107 ja\u010di razvoj obla\u010dnosti uz uslove za veoma rijetku kratkotrajnu ki\u0161u.<\/p>\n<p>Vjetar promjenljivog smjera bi\u0107e uglavnom slab.<\/p>\n<p>Jutarnja temperatura vazduha bi\u010de u rasponu od -3 do 10, a najvi\u0161a dnevna od 11 do 20 stepeni.<\/p>\n<blockquote><p>U Podgorici \u0107e biti sun\u010dano, a promjenljiv vjetar \u0107e biti slabe ja\u010dine. Jutarnja temperatura vazduha bi\u0107e oko 7, a najvi\u0161a dnevna oko 20 stepeni.<\/p><\/blockquote>\n","protected":false},"excerpt":{"rendered":"<p>Jutarnja temperatura vazduha bi\u010de u rasponu od -3 do 10, a najvi\u0161a dnevna od 11 do 20 stepeni<\/p>\n","protected":false},"author":1,"featured_media":415651,"comment_status":"open","ping_status":"closed","sticky":false,"template":"","format":"standard","meta":{"_seopress_robots_primary_cat":"none","_seopress_titles_title":"","_seopress_titles_desc":"","_seopress_robots_index":"","_et_pb_use_builder":"","_et_pb_old_content":"","_et_gb_content_width":"","inline_featured_image":false,"footnotes":""},"categories":[14],"tags":[],"class_list":["post-453474","post","type-post","status-publish","format-standard","has-post-thumbnail","hentry","category-vijesti"],"_links":{"self":[{"href":"https:\/\/www.pcnen.com\/portal\/wp-json\/wp\/v2\/posts\/453474","targetHints":{"allow":["GET"]}}],"collection":[{"href":"https:\/\/www.pcnen.com\/portal\/wp-json\/wp\/v2\/posts"}],"about":[{"href":"https:\/\/www.pcnen.com\/portal\/wp-json\/wp\/v2\/types\/post"}],"author":[{"embeddable":true,"href":"https:\/\/www.pcnen.com\/portal\/wp-json\/wp\/v2\/users\/1"}],"replies":[{"embeddable":true,"href":"https:\/\/www.pcnen.com\/portal\/wp-json\/wp\/v2\/comments?post=453474"}],"version-history":[{"count":1,"href":"https:\/\/www.pcnen.com\/portal\/wp-json\/wp\/v2\/posts\/453474\/revisions"}],"predecessor-version":[{"id":453477,"href":"https:\/\/www.pcnen.com\/portal\/wp-json\/wp\/v2\/posts\/453474\/revisions\/453477"}],"wp:featuredmedia":[{"embeddable":true,"href":"https:\/\/www.pcnen.com\/portal\/wp-json\/wp\/v2\/media\/415651"}],"wp:attachment":[{"href":"https:\/\/www.pcnen.com\/portal\/wp-json\/wp\/v2\/media?parent=453474"}],"wp:term":[{"taxonomy":"category","embeddable":true,"href":"https:\/\/www.pcnen.com\/portal\/wp-json\/wp\/v2\/categories?post=453474"},{"taxonomy":"post_tag","embeddable":true,"href":"https:\/\/www.pcnen.com\/portal\/wp-json\/wp\/v2\/tags?post=453474"}],"curies":[{"name":"wp","href":"https:\/\/api.w.org\/{rel}","templated":true}]}}