{"id":453442,"date":"2026-03-14T10:50:32","date_gmt":"2026-03-14T09:50:32","guid":{"rendered":"https:\/\/www.pcnen.com\/portal\/?p=453442"},"modified":"2026-03-14T10:50:32","modified_gmt":"2026-03-14T09:50:32","slug":"uhapsen-mladic-koji-je-prijetio-novinarki-portala-vijesti","status":"publish","type":"post","link":"https:\/\/www.pcnen.com\/portal\/2026\/03\/14\/uhapsen-mladic-koji-je-prijetio-novinarki-portala-vijesti\/","title":{"rendered":"Uhap\u0161en mladi\u0107 koji je prijetio novinarki portala Vijesti"},"content":{"rendered":"<p>Policija je li\u0161ila slobode L.R. (21) iz Bijelog Polja, osumnji\u010deno za krivi\u010dno djelo ugro\u017eavanje sigurnosti na \u0161tetu novinarke portala Vijesti iz Bijelog Polja, te za krivi\u010dno djelo napad na slu\u017ebeno lice u vr\u0161enju slu\u017ebene du\u017enosti na \u0161tetu tu\u017eioca u Osnovnom dr\u017eavnom tu\u017eila\u0161tvu u Bijelom Polju.<\/p>\n<p>Uprava policije navodi u saop\u0161tenju da je novinarka E.P. 9. marta prijavila da joj je, na nalogu portala Vijesti i na jednoj dru\u0161tvenoj mre\u017ei, &#8220;upu\u0107ena poruka prijete\u0107e i uvredljive sadr\u017eine, a u kojoj se osim zaposlenih u ovoj medijskoj ku\u0107i pominje i tu\u017eilac Osnovnog dr\u017eavnog tu\u017eila\u0161tva u Bijelom Polju&#8221;Osd.<\/p>\n<p>Osumnji\u010deni je iz Bijelog Polja, ali stalno boravib u Budvi.<\/p>\n<p>On je, uz krivi\u010dnu prijavu, priveden postupaju\u0107em tu\u017eiocu na dalju nadle\u017enost u zakonom predvi\u0111enom roku.<\/p>\n","protected":false},"excerpt":{"rendered":"<p>Policija je li\u0161ila slobode L.R. (21) iz Bijelog Polja, osumnji\u010deno za krivi\u010dno djelo ugro\u017eavanje sigurnosti na \u0161tetu novinarke portala Vijesti iz Bijelog Polja, te za krivi\u010dno djelo napad na slu\u017ebeno lice u vr\u0161enju slu\u017ebene du\u017enosti na \u0161tetu tu\u017eioca u Osnovnom dr\u017eavnom tu\u017eila\u0161tvu u Bijelom Polju<\/p>\n","protected":false},"author":1,"featured_media":282949,"comment_status":"open","ping_status":"closed","sticky":false,"template":"","format":"standard","meta":{"_seopress_robots_primary_cat":"none","_seopress_titles_title":"","_seopress_titles_desc":"","_seopress_robots_index":"","_et_pb_use_builder":"","_et_pb_old_content":"","_et_gb_content_width":"","inline_featured_image":false,"footnotes":""},"categories":[14],"tags":[],"class_list":["post-453442","post","type-post","status-publish","format-standard","has-post-thumbnail","hentry","category-vijesti"],"_links":{"self":[{"href":"https:\/\/www.pcnen.com\/portal\/wp-json\/wp\/v2\/posts\/453442","targetHints":{"allow":["GET"]}}],"collection":[{"href":"https:\/\/www.pcnen.com\/portal\/wp-json\/wp\/v2\/posts"}],"about":[{"href":"https:\/\/www.pcnen.com\/portal\/wp-json\/wp\/v2\/types\/post"}],"author":[{"embeddable":true,"href":"https:\/\/www.pcnen.com\/portal\/wp-json\/wp\/v2\/users\/1"}],"replies":[{"embeddable":true,"href":"https:\/\/www.pcnen.com\/portal\/wp-json\/wp\/v2\/comments?post=453442"}],"version-history":[{"count":1,"href":"https:\/\/www.pcnen.com\/portal\/wp-json\/wp\/v2\/posts\/453442\/revisions"}],"predecessor-version":[{"id":453445,"href":"https:\/\/www.pcnen.com\/portal\/wp-json\/wp\/v2\/posts\/453442\/revisions\/453445"}],"wp:featuredmedia":[{"embeddable":true,"href":"https:\/\/www.pcnen.com\/portal\/wp-json\/wp\/v2\/media\/282949"}],"wp:attachment":[{"href":"https:\/\/www.pcnen.com\/portal\/wp-json\/wp\/v2\/media?parent=453442"}],"wp:term":[{"taxonomy":"category","embeddable":true,"href":"https:\/\/www.pcnen.com\/portal\/wp-json\/wp\/v2\/categories?post=453442"},{"taxonomy":"post_tag","embeddable":true,"href":"https:\/\/www.pcnen.com\/portal\/wp-json\/wp\/v2\/tags?post=453442"}],"curies":[{"name":"wp","href":"https:\/\/api.w.org\/{rel}","templated":true}]}}