{"id":453437,"date":"2026-03-14T10:33:29","date_gmt":"2026-03-14T09:33:29","guid":{"rendered":"https:\/\/www.pcnen.com\/portal\/?p=453437"},"modified":"2026-03-14T10:34:19","modified_gmt":"2026-03-14T09:34:19","slug":"sudjenje-gasovicu-svjedoci-govorili-o-odvodjenju-i-nestanku-svojih-oceva-i-drugih-civila","status":"publish","type":"post","link":"https:\/\/www.pcnen.com\/portal\/2026\/03\/14\/sudjenje-gasovicu-svjedoci-govorili-o-odvodjenju-i-nestanku-svojih-oceva-i-drugih-civila\/","title":{"rendered":"Su\u0111enje Ga\u0161ovi\u0107u: Svjedoci govorili o odvo\u0111enju i nestanku svojih o\u010deva i drugih civila"},"content":{"rendered":"<blockquote><p><strong>Javlja: Akcija za ljudska prava<\/strong><\/p><\/blockquote>\n<p>Danas je pred Vi\u0161im sudom u Podgorici nastavljeno su\u0111enje Zoranu Ga\u0161ovi\u0107u, optu\u017eenom za zlo\u010din protiv \u010dovje\u010dnosti 1992. godine u Had\u017ei\u0107ima (BiH), saslu\u0161avanjem tri svjedoka.<\/p>\n<p>Kao i na prethodnom ro\u010di\u0161tu, svjedo\u010dili su predstavnici o\u0161te\u0107enih porodica, koji su govorili o onome \u0161to su saznali od drugih o stradanju svojih najbli\u017eih. O\u0161te\u0107eni imaju prvenstvo u davanju iskaza da bi nakon toga mogli da prate su\u0111enje iz publike i postavljaju pitanja ostalim svjedocima.<\/p>\n<p>Sud jo\u0161 nije razmatrao ranije zahtjeve i branioca okrivljenog, Danila Mi\u0107ovi\u0107a, i punomo\u0107nika o\u0161te\u0107ene Feride Ni\u0161i\u0107, Dalibora Tomovi\u0107a, da se su\u0111enja audio-vizuelno snimaju, kao ni druge predloge advokata Tomovi\u0107a, da se svjedoci iz BiH saslu\u0161avaju putem video-linka, i da se obezbijedi rezervni branilac u slu\u010daju da Mi\u0107ovi\u0107 bude sprije\u010den da prisustvuje su\u0111enjima.<\/p>\n<p>Svjedok Nermin Musi\u0107 je naveo da je imao oko 15 godina kada su po\u010dela ratna de\u0161avanja 1992. godine. Zbog napada na selo njegova porodica je na nekoliko dana oti\u0161la u Suhodol, dok je otac Adil ostao da \u010duva ku\u0107u. Prva saznanja o njegovom zarobljavanju dobio je od strica D\u017e. M, kojem je to prenio I. M. Od kasnije razmijenjenih zarobljenika saznao je da je oko 260\u2013280 ljudi iz Had\u017ei\u0107a odvedeno u Lukavicu. Prema njihovim rije\u010dima, napravljen je spisak od 46 osoba, me\u0111u kojima je bio i njegov otac. Srpski vojnici su ih prozivali i odvodili u drugu prostoriju. Tokom no\u0107i \u010dula se vriska, a ujutro su vi\u0111ene krvave prostorije i kai\u0161evi na stolu uz rije\u010di: \u201eUzmite slobodno te kai\u0161eve, ovima vi\u0161e ne\u0107e trebati\u201c. O tome su mu govorili H. M. i M. M.<\/p>\n<p>Svjedok Almin Ba\u0161i\u0107 je naveo da je prve informacije o ocu dobio 23. juna 1992. godine, kada je njegov tetak F. H. oslobo\u0111en iz zarobljeni\u0161tva \u2013 \u201cnjega je Ga\u0161ovi\u0107 prodao za 3.000 njema\u010dkih maraka preko seljaka i usta\u0161a, koji su ga predali nama\u201d. Tada mu je ispri\u010dao da je njegovog oca Aliju Ba\u0161i\u0107a priveo Zoran Ga\u0161ovi\u0107 i nagovijestio mu da \u0107e biti ubijen. Njegov otac je poznavao Ga\u0161ovi\u0107a iz preduze\u0107a u kojem su obojica radili prije rata, otac je bio pravnik, a Ga\u0161ovi\u0107 bagerista. Prema njegovim saznanjima, 284 zarobljenika je preba\u010deno u kasarnu \u201eSlavi\u0161a Vajner \u010ci\u010da\u201c, dok je njegov otac ostao u Sportskom centru. Zarobljenike su prevozili N. J. i Ga\u0161ovi\u0107, koji su imali spisak sa 48 zaokru\u017eenih imena, od kojih je na kraju izdvojeno 46 osoba. Oni su pretu\u010deni i odvedeni, dok su preostali logora\u0161i vidjeli krvave zidove i \u010duli jauke tokom no\u0107i. Svjedo\u010di dalje da je na razne na\u010dine poku\u0161avao i da razmjeni oca i da sazna gdje je i \u0161ta se sa njim de\u0161ava. \u201cU avgustu 1993. godine sam od jedne zatvorenice \u2013 D\u017e.K. \u010duo da je u no\u0107i 26. juna 1992. godine ispred Gara\u017ee do\u0161ao kombi, parkirao se ispred, \u010dulo se otklju\u010davanje metalnih vrata i tada je moj otac rekao \u201cdolaze po mene\u201d. Tada su u objekat u\u0161li Ga\u0161ovi\u0107 i D. ili G. P. i izveli mog oca, Aliju Kova\u010devi\u0107a i Ramiza Hrgi\u0107a ispred objekta kada su ih pretukli nogama, rukama, palicama i oru\u017ejem. To su mi potvrdile i Z.\u0160. kao i dvije osobe koje imaju status za\u0161ti\u0107enog svjedoka. Rekle su mi i da je moj otac molio \u201cZorane nemoj, \u0161ta sam ti uradio\u201d. Tokom ekshumacije je, kako je naveo, utvr\u0111eno da su njegovom ocu bile smrskane lobanja, vilica i rebra.<\/p>\n<p>Svjedok Selver Kahrica, sin Vezira Kahrice, naveo je da je u maju 1992. pobjegao na Igman, dok su njegovi roditelji ostali u Had\u017ei\u0107ima. Tamo je saznao da se civili hapse i odvode u logore, me\u0111u njima i njegov otac. Po\u010detkom jula 1992. u Pazari\u0107u je od razmijenjenih zarobljenika saznao da je njegov otac prvo odveden u Sportsku dvoranu u Had\u017ei\u0107ima, a zatim u objekat \u201eGara\u017ea\u201c. Njegova majka, koja je bila prisutna prilikom odvo\u0111enja i kasnije razmijenjena, ispri\u010dala mu je da su pred njihovu ku\u0107u do\u0161li srpski vojnici, me\u0111u kojima i Zoran Ga\u0161ovi\u0107 i V. P, tra\u017eili klju\u010deve njihovog vozila Golf II i zapalili ku\u0107u, ali je ona uspjela ugasiti vatru. Oca su odveli, a nakratko ga vratili da uzme jaknu sa novcem, nakon \u010dega je ponovo odveden i vi\u0161e ga nisu vidjeli. Od M. M. i \u0106. R. saznao je da su zarobljenici iz Had\u017ei\u0107a preba\u010deni u zatvor Kula, a potom u kasarnu u Lukavici, gdje su prozivani sa spiska sa 48 zaokru\u017eenih imena, me\u0111u kojima je bio i njegov otac, koji se od tada vodi kao nestao. Na pitanje specijalne tu\u017eiteljke Tanje \u010colan Dereti\u0107 rekao je i da mu je majka pri\u010dala da ju je Ga\u0161ovi\u0107 maltretirao i prislanjao joj pi\u0161tolj na glavu, te da je u Had\u017ei\u0107ima va\u017eio za osobu koja je ulijevala strah.<\/p>\n<p>Odbrana je prigovorila iskazima svjedoka tvrde\u0107i da su to \u201e\u010dar\u0161ijske pri\u010de\u201c, da svjedoci nemaju neposredna saznanja, da su instruirani kako bi ote\u017eali polo\u017eaj optu\u017eenog, i da je \u010dinjenica da je jedan svjedok sebi prepremio koncept za izlaganje dokaz toga da ih neko priprema.<\/p>\n<p>Punomo\u0107nik o\u0161te\u0107enih Dalibor Tomovi\u0107 i specijalna tu\u017eiteljka Tanja \u010colan Dereti\u0107 naveli su da su iskazi u bitnom isti kao ranije, te da je prirodno da svjedoci pred sudom govore detaljnije nego na prethodnim saslu\u0161anjima u policiji BiH.<\/p>\n<p>Prema optu\u017enici, Ga\u0161ovi\u0107 se tereti da je od maja do kraja juna 1992. u\u010destvovao u ubistvima, porobljavanju, prinudnom preseljavanju, protivpravnom zatvaranju, mu\u010denju i ispitivanju civila u objektima \u201eGara\u017ea\u201c i Sportska dvorana u Had\u017ei\u0107ima, kao i u prinudnom preseljenju oko 280 civila u kasarnu \u201eSlavi\u0161a Vajner \u010ci\u010da\u201c u Lukavici. Tereti se i da je sa\u010dinio spisak pritvorenika na kojem je 49 imena zaokru\u017eio crvenom olovkom, nakon \u010dega je 23. juna 1992. godine 48 osoba odvedeno na nepoznatu lokaciju i do danas se vode kao nestale.<\/p>\n<p>Specijalna tu\u017eiteljka u predmetu je Tanja \u010colan Dereti\u0107, a vije\u0107em predsjedava sudija Simo Ra\u0161ovi\u0107, uz \u010dlanove vije\u0107a Anu Deli\u0107 i Dragana Babovi\u0107a.<\/p>\n<p>Naredno ro\u010di\u0161te zakazano je za srijedu, 18. mart.<\/p>\n<blockquote><p><em>Akcija za ljudska prava pru\u017ea podr\u0161ku o\u0161te\u0107enima u ovom postupku u saradnji sa Udru\u017eenjem za tra\u017eenje zarobljenih i nestalih iz Had\u017ei\u0107a, uz podr\u0161ku National Endowment for Democracy.<\/em><\/p><\/blockquote>\n<blockquote class=\"wp-embedded-content\" data-secret=\"fRc3DMqWWt\"><p><a href=\"https:\/\/www.pcnen.com\/portal\/2026\/03\/09\/na-sudjenju-zoranu-gasovicu-saslusana-tri-svjedoka-iz-bih\/\">Na su\u0111enju Zoranu Ga\u0161ovi\u0107u saslu\u0161ana tri svjedoka iz BiH<\/a><\/p><\/blockquote>\n<p><iframe loading=\"lazy\" class=\"wp-embedded-content\" sandbox=\"allow-scripts\" security=\"restricted\" style=\"position: absolute; visibility: hidden;\" title=\"&#8220;Na su\u0111enju Zoranu Ga\u0161ovi\u0107u saslu\u0161ana tri svjedoka iz BiH&#8221; &#8212; PCNEN\" src=\"https:\/\/www.pcnen.com\/portal\/2026\/03\/09\/na-sudjenju-zoranu-gasovicu-saslusana-tri-svjedoka-iz-bih\/embed\/#?secret=iYdnABTWqz#?secret=fRc3DMqWWt\" data-secret=\"fRc3DMqWWt\" width=\"600\" height=\"338\" frameborder=\"0\" marginwidth=\"0\" marginheight=\"0\" scrolling=\"no\"><\/iframe><\/p>\n","protected":false},"excerpt":{"rendered":"<p>Kao i na prethodnom ro\u010di\u0161tu, svjedo\u010dili su predstavnici o\u0161te\u0107enih porodica, koji su govorili o onome \u0161to su saznali od drugih o stradanju svojih najbli\u017eih. O\u0161te\u0107eni imaju prvenstvo u davanju iskaza da bi nakon toga mogli da prate su\u0111enje iz publike i postavljaju pitanja ostalim svjedocima<\/p>\n","protected":false},"author":1,"featured_media":388873,"comment_status":"open","ping_status":"closed","sticky":false,"template":"","format":"standard","meta":{"_seopress_robots_primary_cat":"none","_seopress_titles_title":"","_seopress_titles_desc":"","_seopress_robots_index":"","_et_pb_use_builder":"","_et_pb_old_content":"","_et_gb_content_width":"","inline_featured_image":false,"footnotes":""},"categories":[10],"tags":[],"class_list":["post-453437","post","type-post","status-publish","format-standard","has-post-thumbnail","hentry","category-cuj-vidji-javi"],"_links":{"self":[{"href":"https:\/\/www.pcnen.com\/portal\/wp-json\/wp\/v2\/posts\/453437","targetHints":{"allow":["GET"]}}],"collection":[{"href":"https:\/\/www.pcnen.com\/portal\/wp-json\/wp\/v2\/posts"}],"about":[{"href":"https:\/\/www.pcnen.com\/portal\/wp-json\/wp\/v2\/types\/post"}],"author":[{"embeddable":true,"href":"https:\/\/www.pcnen.com\/portal\/wp-json\/wp\/v2\/users\/1"}],"replies":[{"embeddable":true,"href":"https:\/\/www.pcnen.com\/portal\/wp-json\/wp\/v2\/comments?post=453437"}],"version-history":[{"count":2,"href":"https:\/\/www.pcnen.com\/portal\/wp-json\/wp\/v2\/posts\/453437\/revisions"}],"predecessor-version":[{"id":453441,"href":"https:\/\/www.pcnen.com\/portal\/wp-json\/wp\/v2\/posts\/453437\/revisions\/453441"}],"wp:featuredmedia":[{"embeddable":true,"href":"https:\/\/www.pcnen.com\/portal\/wp-json\/wp\/v2\/media\/388873"}],"wp:attachment":[{"href":"https:\/\/www.pcnen.com\/portal\/wp-json\/wp\/v2\/media?parent=453437"}],"wp:term":[{"taxonomy":"category","embeddable":true,"href":"https:\/\/www.pcnen.com\/portal\/wp-json\/wp\/v2\/categories?post=453437"},{"taxonomy":"post_tag","embeddable":true,"href":"https:\/\/www.pcnen.com\/portal\/wp-json\/wp\/v2\/tags?post=453437"}],"curies":[{"name":"wp","href":"https:\/\/api.w.org\/{rel}","templated":true}]}}