{"id":453428,"date":"2026-03-14T06:08:23","date_gmt":"2026-03-14T05:08:23","guid":{"rendered":"https:\/\/www.pcnen.com\/portal\/?p=453428"},"modified":"2026-03-14T06:08:23","modified_gmt":"2026-03-14T05:08:23","slug":"ukradeni-sveti-bubanj-vracen-nakon-vijeka-video","status":"publish","type":"post","link":"https:\/\/www.pcnen.com\/portal\/2026\/03\/14\/ukradeni-sveti-bubanj-vracen-nakon-vijeka-video\/","title":{"rendered":"Ukradeni sveti bubanj vra\u0107en nakon vijeka (video)"},"content":{"rendered":"<p>Sveti bubanj koji su francuske snage oplja\u010dkale tokom svoje kolonijalne vladavine u Obali Slonova\u010de vra\u0107en je u zemlju, vi\u0161e od jednog vijeka nakon \u0161to je ukraden.<\/p>\n<p>Francuske kolonijalne vlasti su ga zaplijenile 1916. godine prije nego \u0161to je odvezen u Francusku 1929. godine, gdje je bio izlo\u017een u Muzeju Trocad\u00e9ro, a kasnije u Muzeju Quai Branly u Parizu.<\/p>\n<p>\u0110id\u017ei Ajokve (Panterski lav), kako se zove bubanj koji govori, dug je vi\u0161e od tri metra, te\u017eak oko 430 kg i isklesan je od drveta iroko.<\/p>\n<p>Povratak je dio \u0161ireg francuskog napora da se repatrijiraju afri\u010dki kulturni artefakti, proces koji je zapo\u010deo 2017. godine.<\/p>\n<p>Bubanj koji govori tradicionalno se koristio za upozorenje na opasnost, mobilizaciju ljudi za rat i pozivanje sela na ceremonije. Etni\u010dka grupa \u017eivi u Abid\u017eanu, najve\u0107em gradu Obale Slonova\u010de.<\/p>\n<p>Bubanj koji govori je prvi predmet na listi od 148 djela koja Obala Slonova\u010de tra\u017ei da se vrate iz Francuske i drugih zemalja.<\/p>\n<p><iframe loading=\"lazy\" title=\"YouTube video player\" src=\"https:\/\/www.youtube.com\/embed\/yO6-yPKgF_k?si=B5DkRIwLcbd8Nkus\" width=\"560\" height=\"315\" frameborder=\"0\" allowfullscreen=\"allowfullscreen\"><\/iframe><\/p>\n<p>&nbsp;<\/p>\n","protected":false},"excerpt":{"rendered":"<p>Francuske kolonijalne vlasti su ga zaplijenile 1916. godine prije nego \u0161to je odvezen u Francusku 1929. godine, gdje je bio izlo\u017een u Muzeju Trocad\u00e9ro, a kasnije u Muzeju Quai Branly u Parizu<\/p>\n","protected":false},"author":1,"featured_media":453431,"comment_status":"open","ping_status":"closed","sticky":false,"template":"","format":"standard","meta":{"_seopress_robots_primary_cat":"none","_seopress_titles_title":"","_seopress_titles_desc":"","_seopress_robots_index":"","_et_pb_use_builder":"","_et_pb_old_content":"","_et_gb_content_width":"","inline_featured_image":false,"footnotes":""},"categories":[9],"tags":[],"class_list":["post-453428","post","type-post","status-publish","format-standard","has-post-thumbnail","hentry","category-zanimljivosti"],"_links":{"self":[{"href":"https:\/\/www.pcnen.com\/portal\/wp-json\/wp\/v2\/posts\/453428","targetHints":{"allow":["GET"]}}],"collection":[{"href":"https:\/\/www.pcnen.com\/portal\/wp-json\/wp\/v2\/posts"}],"about":[{"href":"https:\/\/www.pcnen.com\/portal\/wp-json\/wp\/v2\/types\/post"}],"author":[{"embeddable":true,"href":"https:\/\/www.pcnen.com\/portal\/wp-json\/wp\/v2\/users\/1"}],"replies":[{"embeddable":true,"href":"https:\/\/www.pcnen.com\/portal\/wp-json\/wp\/v2\/comments?post=453428"}],"version-history":[{"count":1,"href":"https:\/\/www.pcnen.com\/portal\/wp-json\/wp\/v2\/posts\/453428\/revisions"}],"predecessor-version":[{"id":453432,"href":"https:\/\/www.pcnen.com\/portal\/wp-json\/wp\/v2\/posts\/453428\/revisions\/453432"}],"wp:featuredmedia":[{"embeddable":true,"href":"https:\/\/www.pcnen.com\/portal\/wp-json\/wp\/v2\/media\/453431"}],"wp:attachment":[{"href":"https:\/\/www.pcnen.com\/portal\/wp-json\/wp\/v2\/media?parent=453428"}],"wp:term":[{"taxonomy":"category","embeddable":true,"href":"https:\/\/www.pcnen.com\/portal\/wp-json\/wp\/v2\/categories?post=453428"},{"taxonomy":"post_tag","embeddable":true,"href":"https:\/\/www.pcnen.com\/portal\/wp-json\/wp\/v2\/tags?post=453428"}],"curies":[{"name":"wp","href":"https:\/\/api.w.org\/{rel}","templated":true}]}}