{"id":453359,"date":"2026-03-13T11:04:59","date_gmt":"2026-03-13T10:04:59","guid":{"rendered":"https:\/\/www.pcnen.com\/portal\/?p=453359"},"modified":"2026-03-13T11:10:50","modified_gmt":"2026-03-13T10:10:50","slug":"vesni-bratic-ukinut-kucni-pritvor","status":"publish","type":"post","link":"https:\/\/www.pcnen.com\/portal\/2026\/03\/13\/vesni-bratic-ukinut-kucni-pritvor\/","title":{"rendered":"Vesni Brati\u0107 ukinut ku\u0107ni pritvor"},"content":{"rendered":"<p class=\"lead\">Biv\u0161oj ministarki prosvjete, nauke, kulture i sporta Vesni Brati\u0107 ukinut je ku\u0107ni pritvor, saop\u0161tio je za RTCG njen advokat Mitar \u0160u\u0161i\u0107.<\/p>\n<p>Brati\u0107 je uhap\u0161ena 16. februara i nakon saslu\u0161anja joj je odre\u0111en pritvor od 30 dana.<\/p>\n<p>Nakon \u0161to je Vije\u0107e Vi\u0161eg suda ukinulo pritvor 20. februara izre\u010dena joj je mjera nadzora zabrana napu\u0161tanja stana.<\/p>\n<p>Izre\u010dena joj je i mjera elektronskog nadzora kao i zabrana pristupa i sastajanja sa svjedocima na udaljenosti manjoj od 50 metara.<\/p>\n<p>Brati\u0107 se na teret stavlja produ\u017eeno krivi\u010dno djelo zloupotreba slu\u017ebenog polo\u017eaja.<\/p>\n<p>&nbsp;<\/p>\n<p><a href=\"https:\/\/www.pcnen.com\/portal\/?s=Brati%C4%87+\">VEZANE VIJESTI<\/a><\/p>\n","protected":false},"excerpt":{"rendered":"<p>Biv\u0161oj ministarki prosvjete, nauke, kulture i sporta Vesni Brati\u0107 ukinut je ku\u0107ni pritvor<\/p>\n","protected":false},"author":1,"featured_media":451419,"comment_status":"open","ping_status":"closed","sticky":false,"template":"","format":"standard","meta":{"_seopress_robots_primary_cat":"none","_seopress_titles_title":"","_seopress_titles_desc":"","_seopress_robots_index":"","_et_pb_use_builder":"","_et_pb_old_content":"","_et_gb_content_width":"","inline_featured_image":false,"footnotes":""},"categories":[14],"tags":[],"class_list":["post-453359","post","type-post","status-publish","format-standard","has-post-thumbnail","hentry","category-vijesti"],"_links":{"self":[{"href":"https:\/\/www.pcnen.com\/portal\/wp-json\/wp\/v2\/posts\/453359","targetHints":{"allow":["GET"]}}],"collection":[{"href":"https:\/\/www.pcnen.com\/portal\/wp-json\/wp\/v2\/posts"}],"about":[{"href":"https:\/\/www.pcnen.com\/portal\/wp-json\/wp\/v2\/types\/post"}],"author":[{"embeddable":true,"href":"https:\/\/www.pcnen.com\/portal\/wp-json\/wp\/v2\/users\/1"}],"replies":[{"embeddable":true,"href":"https:\/\/www.pcnen.com\/portal\/wp-json\/wp\/v2\/comments?post=453359"}],"version-history":[{"count":6,"href":"https:\/\/www.pcnen.com\/portal\/wp-json\/wp\/v2\/posts\/453359\/revisions"}],"predecessor-version":[{"id":453367,"href":"https:\/\/www.pcnen.com\/portal\/wp-json\/wp\/v2\/posts\/453359\/revisions\/453367"}],"wp:featuredmedia":[{"embeddable":true,"href":"https:\/\/www.pcnen.com\/portal\/wp-json\/wp\/v2\/media\/451419"}],"wp:attachment":[{"href":"https:\/\/www.pcnen.com\/portal\/wp-json\/wp\/v2\/media?parent=453359"}],"wp:term":[{"taxonomy":"category","embeddable":true,"href":"https:\/\/www.pcnen.com\/portal\/wp-json\/wp\/v2\/categories?post=453359"},{"taxonomy":"post_tag","embeddable":true,"href":"https:\/\/www.pcnen.com\/portal\/wp-json\/wp\/v2\/tags?post=453359"}],"curies":[{"name":"wp","href":"https:\/\/api.w.org\/{rel}","templated":true}]}}