{"id":453345,"date":"2026-03-13T10:19:44","date_gmt":"2026-03-13T09:19:44","guid":{"rendered":"https:\/\/www.pcnen.com\/portal\/?p=453345"},"modified":"2026-03-13T10:19:44","modified_gmt":"2026-03-13T09:19:44","slug":"ubica-cijena-stigao-u-hrvatsku","status":"publish","type":"post","link":"https:\/\/www.pcnen.com\/portal\/2026\/03\/13\/ubica-cijena-stigao-u-hrvatsku\/","title":{"rendered":"&#8220;Ubica cijena&#8221; stigao u Hrvatsku"},"content":{"rendered":"<p>Nizozemski diskontni lanac Action otvara prvu poslovnicu u Hrvatskoj, a najavljeno je da \u0107e do kraja godine otvoriti najmanje tri prodavnice.<\/p>\n<p>Vijest je potvr\u0111ena nakon \u0161to je na Facebooku jo\u0161 pro\u0161le sedmice osvanula najava doga\u0111aja za 11. mart. Prvi Action otvara se u Sesvete, u tamo\u0161njem trgova\u010dkom centru Park&amp;Shop Sesvete.<\/p>\n<p>Kompanija je u Hrvatskoj registrovana sa sjedi\u0161tem u Zagrebu i osnovnim kapitalom od dva miliona eura, prenose Nezavisne novine.<\/p>\n<p>Poslovni model ovog \u00a0lanca zasniva se na velikom broju novih proizvoda i niskim cijenama. Svake sedmice u ponudu uvode oko 150 novih artikala, pi\u0161e Ve\u010dernji list, prenosi Mina.<\/p>\n<p>Action je \u0161irom Evrope poznat kao \u201cubica cijena\u201d. Rije\u010d je o lancu sa vi\u0161e od tri hiljade trgovina u 13 evropskih zemalja, poznatom po izrazito niskim cijenama neprehrambenih proizvoda.<\/p>\n<p>Asortiman Actiona obuhvata vi\u0161e od \u0161est hiljada razli\u010ditih artikala, od kojih \u010dak tre\u0107ina ko\u0161ta manje od dva eura.<\/p>\n<p>Kompanija planira sna\u017ean ulazak na hrvatsko tr\u017ei\u0161te, a kao prve lokacije, uz Sesvete, odabrani su Labin i Ivanec, \u0161to sugeri\u0161e strategiju \u0161irenja i izvan najve\u0107ih gradskih centara.<\/p>\n<p>Sa fokusom na proizvode za doma\u0107instvo, dekoracije, kancelarijski materijal, igra\u010dke, tekstil i kozmetiku, po cijenama koje su \u010desto ni\u017ee od konkurencije, nizozemski lanac cilja na \u0161irok krug kupaca i postaje direktan konkurent postoje\u0107im trgovinama.<\/p>\n<p>Za sada, Action ne planira graditi nove objekte, ve\u0107 \u0107e se fokusirati na preuzimanje postoje\u0107ih prostora unutar trgova\u010dkih centara. Ovaj pristup smanjuje po\u010detne investicije i omogu\u0107ava br\u017ee \u0161irenje na tr\u017ei\u0161te.<\/p>\n","protected":false},"excerpt":{"rendered":"<p>Nizozemski diskontni lanac Action otvara prvu poslovnicu u Hrvatskoj, a najavljeno je da \u0107e do kraja godine otvoriti najmanje tri prodavnice.<\/p>\n","protected":false},"author":1,"featured_media":453348,"comment_status":"open","ping_status":"closed","sticky":false,"template":"","format":"standard","meta":{"_seopress_robots_primary_cat":"none","_seopress_titles_title":"","_seopress_titles_desc":"","_seopress_robots_index":"","_et_pb_use_builder":"","_et_pb_old_content":"","_et_gb_content_width":"","inline_featured_image":false,"footnotes":""},"categories":[14],"tags":[],"class_list":["post-453345","post","type-post","status-publish","format-standard","has-post-thumbnail","hentry","category-vijesti"],"_links":{"self":[{"href":"https:\/\/www.pcnen.com\/portal\/wp-json\/wp\/v2\/posts\/453345","targetHints":{"allow":["GET"]}}],"collection":[{"href":"https:\/\/www.pcnen.com\/portal\/wp-json\/wp\/v2\/posts"}],"about":[{"href":"https:\/\/www.pcnen.com\/portal\/wp-json\/wp\/v2\/types\/post"}],"author":[{"embeddable":true,"href":"https:\/\/www.pcnen.com\/portal\/wp-json\/wp\/v2\/users\/1"}],"replies":[{"embeddable":true,"href":"https:\/\/www.pcnen.com\/portal\/wp-json\/wp\/v2\/comments?post=453345"}],"version-history":[{"count":1,"href":"https:\/\/www.pcnen.com\/portal\/wp-json\/wp\/v2\/posts\/453345\/revisions"}],"predecessor-version":[{"id":453349,"href":"https:\/\/www.pcnen.com\/portal\/wp-json\/wp\/v2\/posts\/453345\/revisions\/453349"}],"wp:featuredmedia":[{"embeddable":true,"href":"https:\/\/www.pcnen.com\/portal\/wp-json\/wp\/v2\/media\/453348"}],"wp:attachment":[{"href":"https:\/\/www.pcnen.com\/portal\/wp-json\/wp\/v2\/media?parent=453345"}],"wp:term":[{"taxonomy":"category","embeddable":true,"href":"https:\/\/www.pcnen.com\/portal\/wp-json\/wp\/v2\/categories?post=453345"},{"taxonomy":"post_tag","embeddable":true,"href":"https:\/\/www.pcnen.com\/portal\/wp-json\/wp\/v2\/tags?post=453345"}],"curies":[{"name":"wp","href":"https:\/\/api.w.org\/{rel}","templated":true}]}}