{"id":453338,"date":"2026-03-13T10:09:47","date_gmt":"2026-03-13T09:09:47","guid":{"rendered":"https:\/\/www.pcnen.com\/portal\/?p=453338"},"modified":"2026-03-13T10:13:19","modified_gmt":"2026-03-13T09:13:19","slug":"snijeg-iznenadio-saharu-video","status":"publish","type":"post","link":"https:\/\/www.pcnen.com\/portal\/2026\/03\/13\/snijeg-iznenadio-saharu-video\/","title":{"rendered":"Snijeg iznenadio Saharu (video)"},"content":{"rendered":"<p>U pustinjskom gradu Ain Sefra, na sjeveru Sahare, pao je snijeg i iznenadio turiste i lokalno stanovni\u0161tvo.<\/p>\n<p>Niske temperature stvorile su idealne uslove za snje\u017ene padavine. Vjeruje se da je ovo sedmi put u posljednje \u010detiri decenije da je snijeg pao u ovom dijelu pustinje.<\/p>\n<p>Prije 2016. godine, posljednji put je snijeg u Ain Sefri pao jo\u0161 1979. godine.<\/p>\n<p>Grad, \u010dije ime bukvalno zna\u010di &#8220;\u017euti izvor&#8221;, poznat je i kao &#8220;kapija pustinje&#8221;. Nalazi se na sjevernom rubu Sahare, u blizini podno\u017eja planinskog lanca Atlas.<\/p>\n<p>Iako je prizor odu\u0161evio stanovnike i putnike, snje\u017eni pokriva\u010d nije dugo potrajao \u2013 snijeg se otopio gotovo jednako brzo kao \u0161to je i pao.<\/p>\n<p>Godine 2021. isto\u010dni dio Sahare bio je prekriven snijegom, koji se prostirao sve do crvenog mora i Saudijske Arabije. Tokom ovog neobi\u010dnog vremenskog doga\u0111aja temperatura je pala i do \u20132 stepena.<\/p>\n<p>Podru\u010dje je do\u017eivjelo neuobi\u010dajene vremenske prilike, iako temperature u ovoj pustinjskoj oblasti tokom vrelog dijela godine mogu da dostignu i vi\u0161e od 50 stepeni Celzijusovih, pi\u0161e britanski San.<\/p>\n<blockquote class=\"twitter-tweet\">\n<p dir=\"ltr\" lang=\"fr\">\ud83c\udde9\ud83c\uddff Le photographe naturaliste Karim Bouchetta a captur\u00e9 des dunes de sable recouvertes de neige, un spectacle incroyable \u00e0 A\u00efn Sefra, dans le sud-ouest de l\u2019Alg\u00e9rie, aux portes du Sahara. <a href=\"https:\/\/t.co\/KooWfOQI5K\">pic.twitter.com\/KooWfOQI5K<\/a><\/p>\n<p>\u2014 LeLien (@LeLienofficiel) <a href=\"https:\/\/twitter.com\/LeLienofficiel\/status\/2031832179878060438?ref_src=twsrc%5Etfw\">March 11, 2026<\/a><\/p><\/blockquote>\n<p><script async src=\"https:\/\/platform.twitter.com\/widgets.js\" charset=\"utf-8\"><\/script><\/p>\n","protected":false},"excerpt":{"rendered":"<p>U pustinjskom gradu Ain Sefra, na sjeveru Sahare, pao je snijeg i iznenadio turiste i lokalno stanovni\u0161tvo.<\/p>\n","protected":false},"author":1,"featured_media":453342,"comment_status":"open","ping_status":"closed","sticky":false,"template":"","format":"standard","meta":{"_seopress_robots_primary_cat":"none","_seopress_titles_title":"","_seopress_titles_desc":"","_seopress_robots_index":"","_et_pb_use_builder":"","_et_pb_old_content":"","_et_gb_content_width":"","inline_featured_image":false,"footnotes":""},"categories":[14],"tags":[],"class_list":["post-453338","post","type-post","status-publish","format-standard","has-post-thumbnail","hentry","category-vijesti"],"_links":{"self":[{"href":"https:\/\/www.pcnen.com\/portal\/wp-json\/wp\/v2\/posts\/453338","targetHints":{"allow":["GET"]}}],"collection":[{"href":"https:\/\/www.pcnen.com\/portal\/wp-json\/wp\/v2\/posts"}],"about":[{"href":"https:\/\/www.pcnen.com\/portal\/wp-json\/wp\/v2\/types\/post"}],"author":[{"embeddable":true,"href":"https:\/\/www.pcnen.com\/portal\/wp-json\/wp\/v2\/users\/1"}],"replies":[{"embeddable":true,"href":"https:\/\/www.pcnen.com\/portal\/wp-json\/wp\/v2\/comments?post=453338"}],"version-history":[{"count":2,"href":"https:\/\/www.pcnen.com\/portal\/wp-json\/wp\/v2\/posts\/453338\/revisions"}],"predecessor-version":[{"id":453344,"href":"https:\/\/www.pcnen.com\/portal\/wp-json\/wp\/v2\/posts\/453338\/revisions\/453344"}],"wp:featuredmedia":[{"embeddable":true,"href":"https:\/\/www.pcnen.com\/portal\/wp-json\/wp\/v2\/media\/453342"}],"wp:attachment":[{"href":"https:\/\/www.pcnen.com\/portal\/wp-json\/wp\/v2\/media?parent=453338"}],"wp:term":[{"taxonomy":"category","embeddable":true,"href":"https:\/\/www.pcnen.com\/portal\/wp-json\/wp\/v2\/categories?post=453338"},{"taxonomy":"post_tag","embeddable":true,"href":"https:\/\/www.pcnen.com\/portal\/wp-json\/wp\/v2\/tags?post=453338"}],"curies":[{"name":"wp","href":"https:\/\/api.w.org\/{rel}","templated":true}]}}