{"id":453331,"date":"2026-03-13T07:51:25","date_gmt":"2026-03-13T06:51:25","guid":{"rendered":"https:\/\/www.pcnen.com\/portal\/?p=453331"},"modified":"2026-03-13T07:51:25","modified_gmt":"2026-03-13T06:51:25","slug":"tuzilastvo-u-sloveniji-podiglo-optuzni-prijedlog-protiv-porfirija-zbog-zlostavljanja-svestenika","status":"publish","type":"post","link":"https:\/\/www.pcnen.com\/portal\/2026\/03\/13\/tuzilastvo-u-sloveniji-podiglo-optuzni-prijedlog-protiv-porfirija-zbog-zlostavljanja-svestenika\/","title":{"rendered":"Tu\u017eila\u0161tvo u Sloveniji podiglo optu\u017eni prijedlog protiv Porfirija zbog zlostavljanja sve\u0161tenika"},"content":{"rendered":"<p>Dr\u017eavno tu\u017eila\u0161tvo u Ljubljani podiglo je 12. januara optu\u017eni prijedlog protiv patrijarha Srpske pravoslavne crkve Porfirija Peri\u0107a, zbog optu\u017ebi za zlostavljanje na radu u slu\u010daju sve\u0161tenika \u017deljka Lubarde, koji tvrdi da je bio izlo\u017een dugotrajnom pritisku jer je odbio da la\u017eno svjedo\u010di, kako bi prikrio finansijske malverzacije u crkvenoj blagajni.<\/p>\n<p>Prema dokumentu Okru\u017enog dr\u017eavnog tu\u017eila\u0161tva u Ljubljani od 10. februara 2026. godine, u koji portal Nova.rs ima uvid, optu\u017eni prijedlog podnijet je protiv patrijarha Srpske pravoslavne crkve Porfirija Peri\u0107a, koji je u to vrijeme bio mitropolit zagreba\u010dko-ljubljanski, kao i protiv Srpske pravoslavne crkve \u2013 Crkvene op\u0161tine Ljubljana kao pravnog lica.<\/p>\n<p>U<a href=\"https:\/\/www.antenam.net\/clanak\/nova-tuzilastvo-u-sloveniji-podiglo-optuzni-prijedlog-protiv-porfirija-zbog-zlostavljanja-svestenika\"> odgovoru na upit portala Nova.rs,<\/a> slovena\u010dko tu\u017eila\u0161tvo potvrdilo je da je u ovom slu\u010daju podnijet optu\u017eni prijedlog Op\u0161tinskom sudu u Ljubljani protiv jedne osobe zbog zlostavljanja na radnom mjestu, kao i protiv jednog pravnog lica zbog odgovornosti za isto krivi\u010dno djelo. Kako su naveli, dio krivi\u010dne prijave protiv drugih osoba u me\u0111uvremenu je odba\u010den.<\/p>\n<p>Prema navodima iz dokumenta tu\u017eila\u0161tva, slu\u010daj se odnosi na period kada je Porfirije bio na \u010delu Zagreba\u010dko-ljubljanske mitropolije Srpske pravoslavne crkve.<\/p>\n<p>Biv\u0161i ljubljanski paroh \u017deljko Lubarda tvrdi da je trpio dugotrajan i sistematski mobing, jer nije \u017eelio da pre\u0107uti, kako navodi, finansijske malverzacije u crkvenoj blagajni.<\/p>\n<p>&#8220;Tom zlostavljanju sam bio izlo\u017een dok sam na osnovu ugovora o radu bio zaposlen kao sve\u0161tenik pri Crkvenoj op\u0161tini u Ljubljani. Zlostavljanje kojem sam bio izlo\u017een na Sudu za radna i socijalna prava ve\u0107 je pravosna\u017eno potvr\u0111eno i po svim parametrima predstavlja najte\u017ei slu\u010daj zlostavljanja zaposlenog u sudskoj praksi u Sloveniji\u201c, rekao je Lubarda za Nova.rs.<\/p>\n","protected":false},"excerpt":{"rendered":"<p>Dr\u017eavno tu\u017eila\u0161tvo u Ljubljani podiglo je 12. januara optu\u017eni prijedlog protiv patrijarha Srpske pravoslavne crkve Porfirija Peri\u0107a, zbog optu\u017ebi za zlostavljanje na radu u slu\u010daju sve\u0161tenika \u017deljka Lubarde, koji tvrdi da je bio izlo\u017een dugotrajnom pritisku jer je odbio da la\u017eno svjedo\u010di, kako bi prikrio finansijske malverzacije u crkvenoj blagajni.<\/p>\n","protected":false},"author":1,"featured_media":314322,"comment_status":"open","ping_status":"closed","sticky":false,"template":"","format":"standard","meta":{"_seopress_robots_primary_cat":"none","_seopress_titles_title":"","_seopress_titles_desc":"","_seopress_robots_index":"","_et_pb_use_builder":"","_et_pb_old_content":"","_et_gb_content_width":"","inline_featured_image":false,"footnotes":""},"categories":[14],"tags":[],"class_list":["post-453331","post","type-post","status-publish","format-standard","has-post-thumbnail","hentry","category-vijesti"],"_links":{"self":[{"href":"https:\/\/www.pcnen.com\/portal\/wp-json\/wp\/v2\/posts\/453331","targetHints":{"allow":["GET"]}}],"collection":[{"href":"https:\/\/www.pcnen.com\/portal\/wp-json\/wp\/v2\/posts"}],"about":[{"href":"https:\/\/www.pcnen.com\/portal\/wp-json\/wp\/v2\/types\/post"}],"author":[{"embeddable":true,"href":"https:\/\/www.pcnen.com\/portal\/wp-json\/wp\/v2\/users\/1"}],"replies":[{"embeddable":true,"href":"https:\/\/www.pcnen.com\/portal\/wp-json\/wp\/v2\/comments?post=453331"}],"version-history":[{"count":1,"href":"https:\/\/www.pcnen.com\/portal\/wp-json\/wp\/v2\/posts\/453331\/revisions"}],"predecessor-version":[{"id":453334,"href":"https:\/\/www.pcnen.com\/portal\/wp-json\/wp\/v2\/posts\/453331\/revisions\/453334"}],"wp:featuredmedia":[{"embeddable":true,"href":"https:\/\/www.pcnen.com\/portal\/wp-json\/wp\/v2\/media\/314322"}],"wp:attachment":[{"href":"https:\/\/www.pcnen.com\/portal\/wp-json\/wp\/v2\/media?parent=453331"}],"wp:term":[{"taxonomy":"category","embeddable":true,"href":"https:\/\/www.pcnen.com\/portal\/wp-json\/wp\/v2\/categories?post=453331"},{"taxonomy":"post_tag","embeddable":true,"href":"https:\/\/www.pcnen.com\/portal\/wp-json\/wp\/v2\/tags?post=453331"}],"curies":[{"name":"wp","href":"https:\/\/api.w.org\/{rel}","templated":true}]}}