{"id":453323,"date":"2026-03-12T21:20:49","date_gmt":"2026-03-12T20:20:49","guid":{"rendered":"https:\/\/www.pcnen.com\/portal\/?p=453323"},"modified":"2026-03-12T21:20:49","modified_gmt":"2026-03-12T20:20:49","slug":"pretezno-suncano-najvisa-dnevna-temperatura-vazduha-od-11-do-21-stepen","status":"publish","type":"post","link":"https:\/\/www.pcnen.com\/portal\/2026\/03\/12\/pretezno-suncano-najvisa-dnevna-temperatura-vazduha-od-11-do-21-stepen\/","title":{"rendered":"Prete\u017eno sun\u010dano, najvi\u0161a dnevna temperatura vazduha od 11 do 21 stepen"},"content":{"rendered":"<p>Prete\u017eno sun\u010dano bi\u0107e u petak u Crnoj Gori, zvani\u010dna je prognoza.<\/p>\n<p>U drugom dijelu dana \u0107e u kontinentalnim predjelima do\u0107i do mjestimi\u010dno umjerenog razvoja obla\u010dnosti, a ponegdje se o\u010dekuje i prolazna ki\u0161a.<\/p>\n<p>Po kotlinama na sjeveru zemlje bi\u0107e mogu\u0107a kratkotrajna magla.<\/p>\n<p>Vjetar promjenljivog smjera bi\u0107e slab do umjeren.<\/p>\n<p>Jutarnja temperatura vazduha bi\u0107e u rasponu od -3 do 8, a najvi\u0161a dnevna od 11 do 21 stepen.<\/p>\n<blockquote><p>U Podgorici \u0107e biti prete\u017eno sun\u010dano. Uglavnom jugoisto\u010dni vjetar bi\u0107e slab do umjeren. Jutarnja temperatura vazduha bi\u0107e oko 8 stepeni, a najvi\u0161a dnevna do 21 stepen.<\/p><\/blockquote>\n","protected":false},"excerpt":{"rendered":"<p>U drugom dijelu dana \u0107e u kontinentalnim predjelima Crne Gore do\u0107i do mjestimi\u010dno umjerenog razvoja obla\u010dnosti, a ponegdje se o\u010dekuje i prolazna ki\u0161a<\/p>\n","protected":false},"author":1,"featured_media":357972,"comment_status":"open","ping_status":"closed","sticky":false,"template":"","format":"standard","meta":{"_seopress_robots_primary_cat":"none","_seopress_titles_title":"","_seopress_titles_desc":"","_seopress_robots_index":"","_et_pb_use_builder":"","_et_pb_old_content":"","_et_gb_content_width":"","inline_featured_image":false,"footnotes":""},"categories":[14],"tags":[],"class_list":["post-453323","post","type-post","status-publish","format-standard","has-post-thumbnail","hentry","category-vijesti"],"_links":{"self":[{"href":"https:\/\/www.pcnen.com\/portal\/wp-json\/wp\/v2\/posts\/453323","targetHints":{"allow":["GET"]}}],"collection":[{"href":"https:\/\/www.pcnen.com\/portal\/wp-json\/wp\/v2\/posts"}],"about":[{"href":"https:\/\/www.pcnen.com\/portal\/wp-json\/wp\/v2\/types\/post"}],"author":[{"embeddable":true,"href":"https:\/\/www.pcnen.com\/portal\/wp-json\/wp\/v2\/users\/1"}],"replies":[{"embeddable":true,"href":"https:\/\/www.pcnen.com\/portal\/wp-json\/wp\/v2\/comments?post=453323"}],"version-history":[{"count":1,"href":"https:\/\/www.pcnen.com\/portal\/wp-json\/wp\/v2\/posts\/453323\/revisions"}],"predecessor-version":[{"id":453326,"href":"https:\/\/www.pcnen.com\/portal\/wp-json\/wp\/v2\/posts\/453323\/revisions\/453326"}],"wp:featuredmedia":[{"embeddable":true,"href":"https:\/\/www.pcnen.com\/portal\/wp-json\/wp\/v2\/media\/357972"}],"wp:attachment":[{"href":"https:\/\/www.pcnen.com\/portal\/wp-json\/wp\/v2\/media?parent=453323"}],"wp:term":[{"taxonomy":"category","embeddable":true,"href":"https:\/\/www.pcnen.com\/portal\/wp-json\/wp\/v2\/categories?post=453323"},{"taxonomy":"post_tag","embeddable":true,"href":"https:\/\/www.pcnen.com\/portal\/wp-json\/wp\/v2\/tags?post=453323"}],"curies":[{"name":"wp","href":"https:\/\/api.w.org\/{rel}","templated":true}]}}