{"id":453299,"date":"2026-03-12T13:45:35","date_gmt":"2026-03-12T12:45:35","guid":{"rendered":"https:\/\/www.pcnen.com\/portal\/?p=453299"},"modified":"2026-03-12T13:45:35","modified_gmt":"2026-03-12T12:45:35","slug":"unhcr-vise-od-tri-miliona-ljudi-raseljeno-unutar-irana-od-pocetka-sukoba","status":"publish","type":"post","link":"https:\/\/www.pcnen.com\/portal\/2026\/03\/12\/unhcr-vise-od-tri-miliona-ljudi-raseljeno-unutar-irana-od-pocetka-sukoba\/","title":{"rendered":"UNHCR: Vi\u0161e od tri miliona ljudi raseljeno unutar Irana od po\u010detka sukoba"},"content":{"rendered":"<p>Do 3,2 miliona ljudi primorano je da napusti svoje domove unutar Irana od po\u010detka rata sa Izraelom i SAD 28. februara, podaci su Visokog komesarijata Ujedinjenih nacija za izbjeglice (UNHCR).<\/p>\n<p>Agencija UN za izbjeglice je saop\u0161tila da se procjena zasniva na preliminarnim procjenama raseljenih domac\u0301instava \u0161irom zemlje, prenijela je Al d\u017eazira.<\/p>\n<p>&#8220;Ova brojka c\u0301e vjerovatno nastaviti da raste kako neprijateljstva traju, \u0161to ozna\u010dava zabrinjavajuc\u0301u eskalaciju humanitarnih potreba&#8221;, navedeno je u saop\u0161tenju UNHCR.<\/p>\n","protected":false},"excerpt":{"rendered":"<p>Agencija UN za izbjeglice je saop\u0161tila da se procjena zasniva na preliminarnim procjenama raseljenih domac\u0301instava \u0161irom zemlje, prenijela je Al d\u017eazira<\/p>\n","protected":false},"author":1,"featured_media":433092,"comment_status":"open","ping_status":"closed","sticky":false,"template":"","format":"standard","meta":{"_seopress_robots_primary_cat":"none","_seopress_titles_title":"","_seopress_titles_desc":"","_seopress_robots_index":"","_et_pb_use_builder":"","_et_pb_old_content":"","_et_gb_content_width":"","inline_featured_image":false,"footnotes":""},"categories":[14],"tags":[],"class_list":["post-453299","post","type-post","status-publish","format-standard","has-post-thumbnail","hentry","category-vijesti"],"_links":{"self":[{"href":"https:\/\/www.pcnen.com\/portal\/wp-json\/wp\/v2\/posts\/453299","targetHints":{"allow":["GET"]}}],"collection":[{"href":"https:\/\/www.pcnen.com\/portal\/wp-json\/wp\/v2\/posts"}],"about":[{"href":"https:\/\/www.pcnen.com\/portal\/wp-json\/wp\/v2\/types\/post"}],"author":[{"embeddable":true,"href":"https:\/\/www.pcnen.com\/portal\/wp-json\/wp\/v2\/users\/1"}],"replies":[{"embeddable":true,"href":"https:\/\/www.pcnen.com\/portal\/wp-json\/wp\/v2\/comments?post=453299"}],"version-history":[{"count":1,"href":"https:\/\/www.pcnen.com\/portal\/wp-json\/wp\/v2\/posts\/453299\/revisions"}],"predecessor-version":[{"id":453302,"href":"https:\/\/www.pcnen.com\/portal\/wp-json\/wp\/v2\/posts\/453299\/revisions\/453302"}],"wp:featuredmedia":[{"embeddable":true,"href":"https:\/\/www.pcnen.com\/portal\/wp-json\/wp\/v2\/media\/433092"}],"wp:attachment":[{"href":"https:\/\/www.pcnen.com\/portal\/wp-json\/wp\/v2\/media?parent=453299"}],"wp:term":[{"taxonomy":"category","embeddable":true,"href":"https:\/\/www.pcnen.com\/portal\/wp-json\/wp\/v2\/categories?post=453299"},{"taxonomy":"post_tag","embeddable":true,"href":"https:\/\/www.pcnen.com\/portal\/wp-json\/wp\/v2\/tags?post=453299"}],"curies":[{"name":"wp","href":"https:\/\/api.w.org\/{rel}","templated":true}]}}