{"id":453290,"date":"2026-03-12T10:01:26","date_gmt":"2026-03-12T09:01:26","guid":{"rendered":"https:\/\/www.pcnen.com\/portal\/?p=453290"},"modified":"2026-03-12T10:01:26","modified_gmt":"2026-03-12T09:01:26","slug":"film-15-i-po-u-bioskopima","status":"publish","type":"post","link":"https:\/\/www.pcnen.com\/portal\/2026\/03\/12\/film-15-i-po-u-bioskopima\/","title":{"rendered":"Film &#8216;15 i po&#8217; u bioskopima"},"content":{"rendered":"<blockquote><p><strong>Javlja: Filmski centar CG\u00a0<\/strong><\/p><\/blockquote>\n<p>Dugometra\u017eni igrani film \u201e15 i po\u201c, reditelja Milivoja Mi\u0161a Obradovi\u0107a, po\u010de\u0107e bioskopsku distribuciju u Crnoj Gori 19. marta u 20 \u010dasova u Cineplexxu u Podgorici, a prikazivanje \u0107e potom biti organizovano i u ostalim crnogorskim gradovima.<\/p>\n<p>Film je imao festivalsku premijeru na Filmskom festivalu Herceg Novi, gdje je osvojio Specijalno priznanje \u017eirija.<\/p>\n<p>Govore\u0107i o svom ostvarenju, reditelj Milivoje Obradovi\u0107 nagla\u0161ava: \u201eScenario je pisan sa \u017eeljom da preraste u poeti\u010dno filmsko putovanje i ponudi jedan od mogu\u0107ih pogleda na svijet u kojem \u017eivimo. Sa jedne strane sirovi \u201ehome-video\u201c materijal koji oslikava svakodnevicu povr\u0161ne i bu\u010dne dru\u0161tvenosti, a sa druge \u201efilmi\u010dniji\u201c prikaz stvarnosti, sa druga\u010dijom percepcijom \u017eivota i vremena.\u201c<\/p>\n<p>Film prati Nika, veoma uspje\u0161nog glumca koji, zasi\u0107en rutinom svakodnevice, \u017eeli promjenu. U potrazi za autenti\u010dnom filmskom temom, kamerom svakodnevno snima i bilje\u017ei slike iz \u017eivota ljudi koji ga okru\u017euju. Vremenom shvata da jedina filmska tema kojom su\u0161tinski ima smisla da se bavi jeste on sam &#8211; i kameru okre\u0107e prema sebi, postaju\u0107i glavnim junakom svog filma &#8211; \u017eivota.<\/p>\n<p>U filmu igraju Emir \u0106atovi\u0107, Kristina Obradovi\u0107, Lara Dragovi\u0107, Vule Markovi\u0107, Zoran Vujovi\u0107, DejanIvani\u0107, Goran Vujovi\u0107, Du\u0161an Kova\u010devi\u0107, Ivona \u010covi\u0107 Ja\u0107imovi\u0107, Mladen Nelevi\u0107, Jadranka Mami\u0107, Davor Dragojevi\u0107, \u017daklina O\u0161tir, Petar Buri\u0107, Julija Mila\u010di\u0107 Petrovi\u0107 Njego\u0161, Branko Baleti\u0107 i Vojin Perovi\u0107.<\/p>\n<p>Producent filma je Marko Ja\u0107imovi\u0107 iz produkcijske ku\u0107e Giggling Goat Production, a koproducenti su Atomic Production i Radio i Televizija Crne Gore. Scenarista je Milivoje Mi\u0161o Obradovi\u0107, direktor fotografije i koproducent je Ivan \u010cojba\u0161i\u0107, monta\u017eu je radio Nemanja Dragovi\u0107, scenografiju Jelena Ivan\u010devi\u0107, kostimografiju Lina Lekovi\u0107, a dizajn zvuka Jovo Kljaji\u0107.<\/p>\n<p>Film je na javnom konkursu podr\u017ean od strane Filmskog centra Crne Gore.<\/p>\n","protected":false},"excerpt":{"rendered":"<p>Dugometra\u017eni igrani film \u201e15 i po\u201c, reditelja Milivoja Mi\u0161a Obradovi\u0107a, po\u010de\u0107e bioskopsku distribuciju u Crnoj Gori 19. marta u 20 \u010dasova u Cineplexxu u Podgorici, a prikazivanje \u0107e potom biti organizovano i u ostalim crnogorskim gradovima<\/p>\n","protected":false},"author":1,"featured_media":453293,"comment_status":"open","ping_status":"closed","sticky":false,"template":"","format":"standard","meta":{"_seopress_robots_primary_cat":"none","_seopress_titles_title":"","_seopress_titles_desc":"","_seopress_robots_index":"","_et_pb_use_builder":"","_et_pb_old_content":"","_et_gb_content_width":"","inline_featured_image":false,"footnotes":""},"categories":[10],"tags":[],"class_list":["post-453290","post","type-post","status-publish","format-standard","has-post-thumbnail","hentry","category-cuj-vidji-javi"],"_links":{"self":[{"href":"https:\/\/www.pcnen.com\/portal\/wp-json\/wp\/v2\/posts\/453290","targetHints":{"allow":["GET"]}}],"collection":[{"href":"https:\/\/www.pcnen.com\/portal\/wp-json\/wp\/v2\/posts"}],"about":[{"href":"https:\/\/www.pcnen.com\/portal\/wp-json\/wp\/v2\/types\/post"}],"author":[{"embeddable":true,"href":"https:\/\/www.pcnen.com\/portal\/wp-json\/wp\/v2\/users\/1"}],"replies":[{"embeddable":true,"href":"https:\/\/www.pcnen.com\/portal\/wp-json\/wp\/v2\/comments?post=453290"}],"version-history":[{"count":1,"href":"https:\/\/www.pcnen.com\/portal\/wp-json\/wp\/v2\/posts\/453290\/revisions"}],"predecessor-version":[{"id":453294,"href":"https:\/\/www.pcnen.com\/portal\/wp-json\/wp\/v2\/posts\/453290\/revisions\/453294"}],"wp:featuredmedia":[{"embeddable":true,"href":"https:\/\/www.pcnen.com\/portal\/wp-json\/wp\/v2\/media\/453293"}],"wp:attachment":[{"href":"https:\/\/www.pcnen.com\/portal\/wp-json\/wp\/v2\/media?parent=453290"}],"wp:term":[{"taxonomy":"category","embeddable":true,"href":"https:\/\/www.pcnen.com\/portal\/wp-json\/wp\/v2\/categories?post=453290"},{"taxonomy":"post_tag","embeddable":true,"href":"https:\/\/www.pcnen.com\/portal\/wp-json\/wp\/v2\/tags?post=453290"}],"curies":[{"name":"wp","href":"https:\/\/api.w.org\/{rel}","templated":true}]}}