{"id":453284,"date":"2026-03-12T09:22:58","date_gmt":"2026-03-12T08:22:58","guid":{"rendered":"https:\/\/www.pcnen.com\/portal\/?p=453284"},"modified":"2026-03-12T09:29:09","modified_gmt":"2026-03-12T08:29:09","slug":"vreme-duhovi-masakra-u-pandi-nad-aleksandrom-vucicem","status":"publish","type":"post","link":"https:\/\/www.pcnen.com\/portal\/2026\/03\/12\/vreme-duhovi-masakra-u-pandi-nad-aleksandrom-vucicem\/","title":{"rendered":"Vreme: Duhovi masakra u &#8216;Pandi&#8217; nad Aleksandrom Vu\u010di\u0107em"},"content":{"rendered":"<p>U Srbiji postoje dvije vrste pri\u010da o ratnim zlo\u010dinima: one koje nikada nisu rasvijetljene i one koje je opasno ponavljati naglas.<\/p>\n<p>Beogradski nedjeljnik Vreme na naslovnoj strani novog broja (na kioscima od ovog \u010detvrtka) donosi pri\u010du Jovane Gligorijevi\u0107 o dva zlo\u010dina koji spadaju u obje ove kategorije \u2013 masakru nad srpskim mladi\u0107ima u kafi\u0107u \u201ePanda\u201c u Pe\u0107i (1998) i nad bra\u0107om Biti\u0107i (1999).<\/p>\n<blockquote class=\"wp-embedded-content\" data-secret=\"GdDkb0n8rb\"><p><a href=\"https:\/\/www.pcnen.com\/portal\/2022\/07\/15\/predstavnicki-dom-kongresa-sad-usvojio-rezoluciju-o-ubistvu-brace-bitici\/\">Predstavni\u010dki dom Kongresa SAD usvojio Rezoluciju o ubistvu bra\u0107e Biti\u0107i<\/a><\/p><\/blockquote>\n<p><iframe loading=\"lazy\" class=\"wp-embedded-content\" sandbox=\"allow-scripts\" security=\"restricted\" style=\"position: absolute; visibility: hidden;\" title=\"&#8220;Predstavni\u010dki dom Kongresa SAD usvojio Rezoluciju o ubistvu bra\u0107e Biti\u0107i&#8221; &#8212; PCNEN\" src=\"https:\/\/www.pcnen.com\/portal\/2022\/07\/15\/predstavnicki-dom-kongresa-sad-usvojio-rezoluciju-o-ubistvu-brace-bitici\/embed\/#?secret=rfwzmZngB2#?secret=GdDkb0n8rb\" data-secret=\"GdDkb0n8rb\" width=\"600\" height=\"338\" frameborder=\"0\" marginwidth=\"0\" marginheight=\"0\" scrolling=\"no\"><\/iframe><\/p>\n<p>Te teme je, nehajno, u \u017ei\u017eu vratio re\u017eimski propagandni film protiv Verana Mati\u0107a, nekada prvog \u010dovjeka Komisije za istra\u017eivanje ubistava novinara. Mati\u0107 je svojevremeno imao \u2013 pa izgubio \u2013 blagoslov dana\u0161njeg predsjednika Srbije Aleksandra Vu\u010di\u0107a da slu\u010dajeve istra\u017ei.<\/p>\n<p>\u201eNeki od dokaza koji su se pojavljivali me\u0111u informacijama koje smo dobijali, ukazivali su na mogu\u0107e kori\u0161\u0107enje istog oru\u017eja u slu\u010daju bra\u0107e Biti\u0107i ili u slu\u010daju ubistva u Pandi i onda se otvorila mogu\u0107nost da se i ti slu\u010dajevi istra\u017ee\u201c, sje\u0107a se Mati\u0107.<\/p>\n<p>No, bilo je opstrukcija, informacije su curile u javnost. Komisija je ipak 2013. godine napravila izvje\u0161taj namijenjen Aleksandru Vu\u010di\u0107u, u kom je predlo\u017eila da se formiraju komisije za slu\u010dajeve bra\u0107e Biti\u0107i i masakra u Pandi.<\/p>\n<p>Tada je, 2013. godine, Vu\u010di\u0107 iza\u0161ao sa informacijom kako nema dokaza da je OVK kriva za masakr u Pandi, \u201e\u010dak naprotiv\u201c. No do danas prstom nije mrdnuo da se zlo\u010din rasvetli \u2013 i nikad nije primio porodice pobijenih mladi\u0107a.<\/p>\n<p>Do danas sve ukazuje na to da su oba zlo\u010dina djelo srpskih slu\u017ebi kao i da bi se lako mogli istra\u017eiti \u2013 da ima volje.<\/p>\n<p>\u201eNa kraju\u201c, pi\u0161e Jovana Gligorijevi\u0107, \u201eispada da je glava u torbi samo onima koji predla\u017eu na\u010din da istina iza\u0111e na videlo.\u201c<\/p>\n<blockquote class=\"wp-embedded-content\" data-secret=\"4ctg2m7T8V\"><p><a href=\"https:\/\/www.pcnen.com\/portal\/2024\/01\/11\/roditelji-ubijenih-u-peci-vucic-da-kaze-ko-je-ubio-decu-u-pandi-ili-da-se-istraga-zvanicno-obustavi\/\">Roditelji ubijenih u Pe\u0107i: Vu\u010di\u0107 da ka\u017ee ko je ubio decu u &#8216;Pandi&#8217; ili da se istraga zvani\u010dno obustavi<\/a><\/p><\/blockquote>\n<p><iframe loading=\"lazy\" class=\"wp-embedded-content\" sandbox=\"allow-scripts\" security=\"restricted\" style=\"position: absolute; visibility: hidden;\" title=\"&#8220;Roditelji ubijenih u Pe\u0107i: Vu\u010di\u0107 da ka\u017ee ko je ubio decu u &#8216;Pandi&#8217; ili da se istraga zvani\u010dno obustavi&#8221; &#8212; PCNEN\" src=\"https:\/\/www.pcnen.com\/portal\/2024\/01\/11\/roditelji-ubijenih-u-peci-vucic-da-kaze-ko-je-ubio-decu-u-pandi-ili-da-se-istraga-zvanicno-obustavi\/embed\/#?secret=VUWEv4RBTT#?secret=4ctg2m7T8V\" data-secret=\"4ctg2m7T8V\" width=\"600\" height=\"338\" frameborder=\"0\" marginwidth=\"0\" marginheight=\"0\" scrolling=\"no\"><\/iframe><\/p>\n","protected":false},"excerpt":{"rendered":"<p>Beogradski nedjeljnik Vreme na naslovnoj strani novog broja (na kioscima od ovog \u010detvrtka) donosi pri\u010du Jovane Gligorijevi\u0107 o dva zlo\u010dina koji spadaju u obje ove kategorije \u2013 masakru nad srpskim mladi\u0107ima u kafi\u0107u \u201ePanda\u201c u Pe\u0107i (1998) i nad bra\u0107om Biti\u0107i (1999)<\/p>\n","protected":false},"author":1,"featured_media":153823,"comment_status":"open","ping_status":"closed","sticky":false,"template":"","format":"standard","meta":{"_seopress_robots_primary_cat":"none","_seopress_titles_title":"","_seopress_titles_desc":"","_seopress_robots_index":"","_et_pb_use_builder":"","_et_pb_old_content":"","_et_gb_content_width":"","inline_featured_image":false,"footnotes":""},"categories":[14],"tags":[],"class_list":["post-453284","post","type-post","status-publish","format-standard","has-post-thumbnail","hentry","category-vijesti"],"_links":{"self":[{"href":"https:\/\/www.pcnen.com\/portal\/wp-json\/wp\/v2\/posts\/453284","targetHints":{"allow":["GET"]}}],"collection":[{"href":"https:\/\/www.pcnen.com\/portal\/wp-json\/wp\/v2\/posts"}],"about":[{"href":"https:\/\/www.pcnen.com\/portal\/wp-json\/wp\/v2\/types\/post"}],"author":[{"embeddable":true,"href":"https:\/\/www.pcnen.com\/portal\/wp-json\/wp\/v2\/users\/1"}],"replies":[{"embeddable":true,"href":"https:\/\/www.pcnen.com\/portal\/wp-json\/wp\/v2\/comments?post=453284"}],"version-history":[{"count":3,"href":"https:\/\/www.pcnen.com\/portal\/wp-json\/wp\/v2\/posts\/453284\/revisions"}],"predecessor-version":[{"id":453289,"href":"https:\/\/www.pcnen.com\/portal\/wp-json\/wp\/v2\/posts\/453284\/revisions\/453289"}],"wp:featuredmedia":[{"embeddable":true,"href":"https:\/\/www.pcnen.com\/portal\/wp-json\/wp\/v2\/media\/153823"}],"wp:attachment":[{"href":"https:\/\/www.pcnen.com\/portal\/wp-json\/wp\/v2\/media?parent=453284"}],"wp:term":[{"taxonomy":"category","embeddable":true,"href":"https:\/\/www.pcnen.com\/portal\/wp-json\/wp\/v2\/categories?post=453284"},{"taxonomy":"post_tag","embeddable":true,"href":"https:\/\/www.pcnen.com\/portal\/wp-json\/wp\/v2\/tags?post=453284"}],"curies":[{"name":"wp","href":"https:\/\/api.w.org\/{rel}","templated":true}]}}