{"id":453243,"date":"2026-03-11T14:56:06","date_gmt":"2026-03-11T13:56:06","guid":{"rendered":"https:\/\/www.pcnen.com\/portal\/?p=453243"},"modified":"2026-03-11T14:56:06","modified_gmt":"2026-03-11T13:56:06","slug":"dps-najavljuje-da-ce-i-fizicki-blokirati-usvajanje-akata-koji-su-u-proceduri-krace-od-15-dana","status":"publish","type":"post","link":"https:\/\/www.pcnen.com\/portal\/2026\/03\/11\/dps-najavljuje-da-ce-i-fizicki-blokirati-usvajanje-akata-koji-su-u-proceduri-krace-od-15-dana\/","title":{"rendered":"DPS najavljuje da \u0107e i fizi\u010dki blokirati usvajanje akata koji su u proceduri kra\u0107e od 15 dana"},"content":{"rendered":"<p>Demokratska partija socijalista (DPS) najavila je danas na skup\u0161tinskom kolegijumu da \u0107e i fizi\u010dki blokirati usvajanje zakona koji su kra\u0107e od 15 dana u parlamentarnoj proceduri.<\/p>\n<p>To je portalu RTCG nezvani\u010dno potvr\u0111eno iz vi\u0161e izvora. Rasprava na kolegijumu je, kako prenose, bila veoma \u017eustra.<\/p>\n<p>Iz DPS-a na upite RTCG povodom ove nezvani\u010dne informacije nijesu ni demantovali ni potvrdili.<\/p>\n<p>\u201cDo sada je bilo mogu\u0107e da se dogovorimo o svemu \u0161to se ti\u010de EU, ubudu\u0107e \u0107emo tra\u017eiti striktno po\u0161tovanje Poslovnika\u201d, saop\u0161teno je portalu Javnog servisa ve\u010deras zvani\u010dno iz DPS-a.<\/p>\n<p>Razlog ovih najava je namjera ve\u0107ine da na brzinu i mimo znanja javnosti usvaja akte koji ugro\u017eavaju osnovna ljudska prava i slobode. Tako\u0111e tvrde da je rok od 15 dana u proceduri predvi\u0111en Poslovnikom parlamenta.<\/p>\n<p>Kako je portalu RTCG-a obja\u0161njeno u Skupstini, ako se ova namjera realizuje, onda je blokirano usvajanje \u201czakona sa plavom zastavicom\u201d odnosno su\u0161tinski najva\u017enijih akata koji treba da pribli\u017ee Crnu Goru Evropskoj uniji.<\/p>\n","protected":false},"excerpt":{"rendered":"<p>Demokratska partija socijalista (DPS) najavila je danas na skup\u0161tinskom kolegijumu da \u0107e i fizi\u010dki blokirati usvajanje zakona koji su kra\u0107e od 15 dana u parlamentarnoj proceduri.<\/p>\n","protected":false},"author":1,"featured_media":322505,"comment_status":"open","ping_status":"closed","sticky":false,"template":"","format":"standard","meta":{"_seopress_robots_primary_cat":"none","_seopress_titles_title":"","_seopress_titles_desc":"","_seopress_robots_index":"","_et_pb_use_builder":"","_et_pb_old_content":"","_et_gb_content_width":"","inline_featured_image":false,"footnotes":""},"categories":[14],"tags":[],"class_list":["post-453243","post","type-post","status-publish","format-standard","has-post-thumbnail","hentry","category-vijesti"],"_links":{"self":[{"href":"https:\/\/www.pcnen.com\/portal\/wp-json\/wp\/v2\/posts\/453243","targetHints":{"allow":["GET"]}}],"collection":[{"href":"https:\/\/www.pcnen.com\/portal\/wp-json\/wp\/v2\/posts"}],"about":[{"href":"https:\/\/www.pcnen.com\/portal\/wp-json\/wp\/v2\/types\/post"}],"author":[{"embeddable":true,"href":"https:\/\/www.pcnen.com\/portal\/wp-json\/wp\/v2\/users\/1"}],"replies":[{"embeddable":true,"href":"https:\/\/www.pcnen.com\/portal\/wp-json\/wp\/v2\/comments?post=453243"}],"version-history":[{"count":1,"href":"https:\/\/www.pcnen.com\/portal\/wp-json\/wp\/v2\/posts\/453243\/revisions"}],"predecessor-version":[{"id":453246,"href":"https:\/\/www.pcnen.com\/portal\/wp-json\/wp\/v2\/posts\/453243\/revisions\/453246"}],"wp:featuredmedia":[{"embeddable":true,"href":"https:\/\/www.pcnen.com\/portal\/wp-json\/wp\/v2\/media\/322505"}],"wp:attachment":[{"href":"https:\/\/www.pcnen.com\/portal\/wp-json\/wp\/v2\/media?parent=453243"}],"wp:term":[{"taxonomy":"category","embeddable":true,"href":"https:\/\/www.pcnen.com\/portal\/wp-json\/wp\/v2\/categories?post=453243"},{"taxonomy":"post_tag","embeddable":true,"href":"https:\/\/www.pcnen.com\/portal\/wp-json\/wp\/v2\/tags?post=453243"}],"curies":[{"name":"wp","href":"https:\/\/api.w.org\/{rel}","templated":true}]}}